{"id":255,"date":"2017-04-10T08:54:54","date_gmt":"2017-04-10T06:54:54","guid":{"rendered":"http:\/\/www.farnostrana.cz\/?p=255"},"modified":"2017-04-10T08:55:46","modified_gmt":"2017-04-10T06:55:46","slug":"ohlasky-na-6-nedeli-postni-9-4-2017","status":"publish","type":"post","link":"https:\/\/www.farnostrana.cz\/?p=255","title":{"rendered":"Ohl\u00e1\u0161ky na 6. ned\u011bli postn\u00ed 9. 4. 2017"},"content":{"rendered":"<h4><\/h4>\n<ul>\n<li><strong>M\u00e1m radost, \u017ee skupinka ml\u00e1de\u017ee<\/strong> z\u00a0na\u0161\u00ed farnosti jela do Hradce <strong>na diec\u00e9zn\u00ed setk\u00e1n\u00ed<\/strong>.<\/li>\n<li><strong>Byla zakoupena nov\u00e1 me\u0161n\u00ed miska, aby mohli pod\u00e1vat sv. p\u0159ij\u00edm\u00e1n\u00ed dva akolyt\u00e9.<\/strong><\/li>\n<li><strong>Minulou ned\u011bli prob\u011bhlo jedn\u00e1n\u00ed Ekonomick\u00e9 rady farnosti. <\/strong>D\u016fle\u017eit\u00e9 body: vybrali jsme jeden z\u00a0n\u00e1vrh\u016f na rekonstrukci stodoly na multifunk\u010dn\u00ed centrum. Projektant je\u0161t\u011b zanese na\u0161e p\u0159ipom\u00ednky, v\u011bt\u0161\u00ed \u010d\u00e1st n\u00e1klad\u016f by m\u011bla pokr\u00fdt dotace. Prob\u011bhne jarn\u00ed brig\u00e1da na p\u0159\u00edprav\u011b stodoly, p\u0159\u00edprav\u011b v\u00fdm\u011bny plotu, dod\u011bl\u00e1n\u00ed m\u00e1rnice a pr\u00e1ce v lese. Zam\u00fd\u0161l\u00edme d\u011blat dla\u017ebu v\u00a0kostele a opravit obvodovou ze\u010f kostela \u2013 budeme konzultovat s\u00a0pam\u00e1tk\u00e1\u0159i. Koupili jsme od Obce Ran\u00e1 mal\u00fd pozemek mezi silnic\u00ed a farn\u00ed stodolou za 2010K\u010d. Odsouhlasili jsme z\u00e1m\u011br zam\u011bstnat na DPP p\u0159\u00ed\u0161t\u00ed rok katechetku. Rada souhlas\u00ed s\u00a0p\u0159\u00edpravou vestavby pokoj\u016f pro hosty do podkrov\u00ed.<\/li>\n<li><strong>P\u0159\u00ed\u0161t\u00ed ned\u011bli 9.4. bude sb\u00edrka<\/strong> na pokryt\u00ed n\u00e1klad\u016f <strong>oslav Fatimy <\/strong>(oslavy v\u00a0\u010cR, p\u0159enos TV z\u00a0Portugalska ad.).<\/li>\n<li><strong>Bohoslu\u017eby o velikonoc\u00edch \u2013<\/strong> viz tabulka.<\/li>\n<li><strong>Ministranti jedou s\u00a0panem far\u00e1\u0159em na Zelen\u00fd \u010dtvrtek do katedr\u00e1ly.<\/strong> Bli\u017e\u0161\u00ed informace dostali na l\u00edste\u010dku.<\/li>\n<li><strong>Na Velk\u00fd p\u00e1tek <\/strong>vyu\u017eijeme voln\u00e9ho dne a pomodl\u00edme se K\u0159\u00ed\u017eovou cestu venku: sraz u kostela v\u00a015 h, p\u016fjdeme po Ran\u00e9 se zakon\u010den\u00edm na h\u0159bitov\u011b u k\u0159\u00ed\u017eku.<\/li>\n<li><strong>Na B\u00edlou sobotu adorace u Bo\u017e\u00edho hrobu od 9 do 15 h.: <\/strong>pi\u0161te se do slu\u017eeb na pap\u00edr. Po no\u010dn\u00ed Vigilii bude ob\u010derstven\u00ed na fa\u0159e.<\/li>\n<li><strong>Postn\u00ed pokladni\u010dky p\u0159ineste p\u0159\u00ed\u0161t\u00ed ned\u011bli 16.4.<\/strong><\/li>\n<li><strong>Spole\u010dn\u00e9 ud\u00edlen\u00ed sv\u00e1tosti pomaz\u00e1n\u00ed nemocn\u00fdch bude o 2.<\/strong> ned\u011bli velikono\u010dn\u00ed 23.4.<\/li>\n<li><strong>Na Farn\u00ed pou\u0165 na<\/strong> <strong>Host\u00fdn<\/strong> <strong> 5. pojedou dva autobusy<\/strong>. Je mo\u017en\u00e9 se je\u0161t\u011b p\u0159ihla\u0161ovat. Program: M\u0161e sv. v\u00a0bazilice, mo\u017enost ob\u010derstven\u00ed, vych\u00e1zky, rozhledna, k\u0159\u00ed\u017eov\u00e1 cesta. Odpoledne nav\u0161t\u00edv\u00edme z\u00e1mek \u010cechy pod Kos\u00ed\u0159em. <strong>Ozna\u010dte na p\u0159ihla\u0161ovac\u00edm pap\u00edru 1 ze 3 mo\u017enost\u00ed:<\/strong> reprezentativn\u00ed prostory (A), prohl\u00eddka parku s\u00a0rozhlednou s\u00a0pr\u016fvodcem (B), nebo volno s\u00a0mo\u017enost\u00ed n\u00e1v\u0161t\u011bvy muzea J\u00e1ry Cimrmana (C). Prohl\u00eddky A+B budou objedn\u00e1ny dle z\u00e1jmu. Cena pout\u011b asi 350K\u010d dosp\u011bl\u00ed, d\u011bti polovinu<strong>. Autobus vyjede a\u017e nahoru na Host\u00fdn<\/strong>, v\u0161e d\u016fle\u017eit\u00e9 je bezbari\u00e9rov\u00e9.<\/li>\n<\/ul>\n<ul>\n<li><strong>O \u010dem p\u00ed\u0161e Katolick\u00fd t\u00fdden\u00edk:<\/strong> T\u00e9ma Svat\u00fd k\u0159\u00ed\u017e; Nemocni\u010dn\u00ed kaplani; prvn\u00ed blahoslaven\u00e1 Romka bl. Emilie; promluva pp. Franti\u0161ka k\u00a0EU; Velikono\u010dn\u00ed tajemstv\u00ed.<\/li>\n<\/ul>\n<p style=\"text-align: center;\"><strong>Velikono\u010dn\u00ed bohoslu\u017eby a ob\u0159ady:<\/strong><\/p>\n<table>\n<tbody>\n<tr>\n<td width=\"54\"><strong>Den<\/strong><\/td>\n<td width=\"123\"><strong>13. 4.<br \/>\nZelen\u00fd \u010dtvrtek\u00a0<\/strong><\/td>\n<td width=\"132\"><strong>14. 4.<br \/>\nVelk\u00fd p\u00e1tek\u00a0<\/strong><\/td>\n<td width=\"113\"><strong>15. 4.<br \/>\nB\u00edl\u00e1 sobota\u00a0<\/strong><\/td>\n<td width=\"123\"><strong>16. 4.<br \/>\nNed\u011ble vzk\u0159\u00ed\u0161en\u00ed<\/strong><\/td>\n<td width=\"119\"><strong>17. 4.<br \/>\nVelikono\u010dn\u00ed pond\u011bl\u00ed<\/strong><\/td>\n<\/tr>\n<tr>\n<td width=\"54\"><strong>\u010cas<\/strong><\/td>\n<td width=\"123\"><strong>18:00 m\u0161e sv.<\/strong><\/td>\n<td width=\"132\"><strong>15:00 k\u0159\u00ed\u017eov\u00e1 cesta<br \/>\n<\/strong><strong>18:00 ob\u0159ady<\/strong><\/td>\n<td width=\"113\"><strong>9:00-15:00 adorace<br \/>\n<\/strong><strong>20:00 Vigilie<\/strong><\/td>\n<td width=\"123\"><strong>9:30 m\u0161e sv.<\/strong><\/td>\n<td width=\"119\"><strong>8:00 m\u0161e sv.<\/strong><\/td>\n<\/tr>\n<\/tbody>\n<\/table>\n","protected":false},"excerpt":{"rendered":"<p>M\u00e1m radost, \u017ee skupinka ml\u00e1de\u017ee z\u00a0na\u0161\u00ed farnosti jela do Hradce na diec\u00e9zn\u00ed setk\u00e1n\u00ed. Byla zakoupena nov\u00e1 me\u0161n\u00ed miska, aby mohli pod\u00e1vat sv. p\u0159ij\u00edm\u00e1n\u00ed dva akolyt\u00e9. Minulou ned\u011bli prob\u011bhlo jedn\u00e1n\u00ed Ekonomick\u00e9 rady farnosti. D\u016fle\u017eit\u00e9 body: vybrali jsme jeden z\u00a0n\u00e1vrh\u016f na rekonstrukci <a class=\"more-link\" href=\"https:\/\/www.farnostrana.cz\/?p=255\">Cel\u00fd \u010dl\u00e1nek  <span class=\"screen-reader-text\">  Ohl\u00e1\u0161ky na 6. ned\u011bli postn\u00ed 9. 4. 2017<\/span><span class=\"meta-nav\">&rarr;<\/span><\/a><\/p>\n","protected":false},"author":1,"featured_media":0,"comment_status":"closed","ping_status":"open","sticky":false,"template":"","format":"standard","meta":{"_monsterinsights_skip_tracking":false,"_monsterinsights_sitenote_active":false,"_monsterinsights_sitenote_note":"","_monsterinsights_sitenote_category":0,"footnotes":""},"categories":[3],"tags":[],"class_list":["post-255","post","type-post","status-publish","format-standard","hentry","category-ohlasky"],"_links":{"self":[{"href":"https:\/\/www.farnostrana.cz\/index.php?rest_route=\/wp\/v2\/posts\/255","targetHints":{"allow":["GET"]}}],"collection":[{"href":"https:\/\/www.farnostrana.cz\/index.php?rest_route=\/wp\/v2\/posts"}],"about":[{"href":"https:\/\/www.farnostrana.cz\/index.php?rest_route=\/wp\/v2\/types\/post"}],"author":[{"embeddable":true,"href":"https:\/\/www.farnostrana.cz\/index.php?rest_route=\/wp\/v2\/users\/1"}],"replies":[{"embeddable":true,"href":"https:\/\/www.farnostrana.cz\/index.php?rest_route=%2Fwp%2Fv2%2Fcomments&post=255"}],"version-history":[{"count":2,"href":"https:\/\/www.farnostrana.cz\/index.php?rest_route=\/wp\/v2\/posts\/255\/revisions"}],"predecessor-version":[{"id":257,"href":"https:\/\/www.farnostrana.cz\/index.php?rest_route=\/wp\/v2\/posts\/255\/revisions\/257"}],"wp:attachment":[{"href":"https:\/\/www.farnostrana.cz\/index.php?rest_route=%2Fwp%2Fv2%2Fmedia&parent=255"}],"wp:term":[{"taxonomy":"category","embeddable":true,"href":"https:\/\/www.farnostrana.cz\/index.php?rest_route=%2Fwp%2Fv2%2Fcategories&post=255"},{"taxonomy":"post_tag","embeddable":true,"href":"https:\/\/www.farnostrana.cz\/index.php?rest_route=%2Fwp%2Fv2%2Ftags&post=255"}],"curies":[{"name":"wp","href":"https:\/\/api.w.org\/{rel}","templated":true}]}}