{"id":2548,"date":"2026-02-22T12:47:01","date_gmt":"2026-02-22T10:47:01","guid":{"rendered":"https:\/\/www.farnostrana.cz\/?p=2548"},"modified":"2026-02-22T12:47:57","modified_gmt":"2026-02-22T10:47:57","slug":"ohlasky-1-nedele-postni-22-2-2026","status":"publish","type":"post","link":"https:\/\/www.farnostrana.cz\/?p=2548","title":{"rendered":"Ohl\u00e1\u0161ky \u2013&nbsp; 1. ned\u011ble postn\u00ed 22. 2. 2026"},"content":{"rendered":"\n<p><\/p>\n\n\n\n<ul class=\"wp-block-list\">\n<li>M\u0161e sv.: \n<ul class=\"wp-block-list\">\n<li>v ned\u011bli \n<ul class=\"wp-block-list\">\n<li>v 8 h Holet\u00edn a <\/li>\n\n\n\n<li>v 9:30 h Ran\u00e1. <\/li>\n<\/ul>\n<\/li>\n\n\n\n<li>V p\u00e1tek Ekumenick\u00e1 bohoslu\u017eba v 18 h v na\u0161em kostele.<\/li>\n<\/ul>\n<\/li>\n\n\n\n<li>Pros\u00edm, p\u0159ineste n\u011bco upe\u010den\u00e9ho na poho\u0161t\u011bn\u00ed po Ekumenick\u00e9 bohoslu\u017eb\u011b v Komunitn\u00edm centru!<\/li>\n\n\n\n<li>K\u0159\u00ed\u017eov\u00e9 cesty v p\u00e1tek v 17:30 h, krom\u011b 27.2. <\/li>\n\n\n\n<li>Spole\u010dn\u00e9 ud\u00edlen\u00ed Sv\u00e1tosti pomaz\u00e1n\u00ed nemocn\u00fdch p\u0159\u00ed\u0161t\u00ed ned\u011bli 1. 3.<\/li>\n\n\n\n<li>P\u0159\u00edprava d\u011bt\u00ed na 1. svat\u00e9 p\u0159ij\u00edm\u00e1n\u00ed za\u010dne v ned\u011bli 1.3. v 15 h na Ran\u00e9.<\/li>\n\n\n\n<li>Postn\u00ed bro\u017eury ke \u010dten\u00ed si m\u016f\u017eete vz\u00edt na stole\u010dku za p\u0159\u00edsp\u011bvek na tisk.<\/li>\n\n\n\n<li>Sb\u00edrky: dnes Hal\u00ed\u0159 svat\u00e9ho Petra. <\/li>\n\n\n\n<li>Duchovn\u00ed obnovy v postn\u00ed dob\u011b: Pro \u017eeny 13. \u2013 15.3. v Rokoli. P\u0159ihla\u0161ujte se na stole\u010dku.<\/li>\n\n\n\n<li>Farn\u00ed t\u00e1bor bude od 2. do 8.8. v KC Ran\u00e1 s n\u00e1zvem Olafovy p\u0159\u00edb\u011bhy. P\u0159ihl\u00e1\u0161ky budou brzy.<\/li>\n\n\n\n<li>Komunitn\u00ed centrum P.F.X.Mimry: p\u0159ipravujeme v\u00fdstavu dom\u00e1c\u00edch k\u0159\u00ed\u017e\u016f na b\u0159ezen. K\u0159\u00ed\u017ee na v\u00fdstavu m\u016f\u017eete nosit od p\u0159\u00ed\u0161t\u00ed ned\u011ble po m\u0161i na faru. P\u0159evezme a zap\u00ed\u0161e Lidka Ad\u00e1mkov\u00e1. V\u00fdstava potrv\u00e1 od 21.3. do 29.3.<\/li>\n\n\n\n<li>Katolick\u00fd t\u00fdden\u00edk: Nuncius odch\u00e1z\u00ed na Haiti; T\u00e9ma: T\u011b\u017ekosti, co n\u00e1s pos\u00edl\u00ed; Perspektivy: Jezdci Apokalypsy v B\u00edl\u00e9m dom\u011b; rozhovor s ekonomem Martinem Pirklem; Doma: Dopisov\u00e1n\u00ed s v\u011bzni.<\/li>\n<\/ul>\n","protected":false},"excerpt":{"rendered":"","protected":false},"author":1,"featured_media":0,"comment_status":"closed","ping_status":"open","sticky":false,"template":"","format":"standard","meta":{"_monsterinsights_skip_tracking":false,"_monsterinsights_sitenote_active":false,"_monsterinsights_sitenote_note":"","_monsterinsights_sitenote_category":0,"footnotes":""},"categories":[3],"tags":[],"class_list":["post-2548","post","type-post","status-publish","format-standard","hentry","category-ohlasky"],"_links":{"self":[{"href":"https:\/\/www.farnostrana.cz\/index.php?rest_route=\/wp\/v2\/posts\/2548","targetHints":{"allow":["GET"]}}],"collection":[{"href":"https:\/\/www.farnostrana.cz\/index.php?rest_route=\/wp\/v2\/posts"}],"about":[{"href":"https:\/\/www.farnostrana.cz\/index.php?rest_route=\/wp\/v2\/types\/post"}],"author":[{"embeddable":true,"href":"https:\/\/www.farnostrana.cz\/index.php?rest_route=\/wp\/v2\/users\/1"}],"replies":[{"embeddable":true,"href":"https:\/\/www.farnostrana.cz\/index.php?rest_route=%2Fwp%2Fv2%2Fcomments&post=2548"}],"version-history":[{"count":1,"href":"https:\/\/www.farnostrana.cz\/index.php?rest_route=\/wp\/v2\/posts\/2548\/revisions"}],"predecessor-version":[{"id":2549,"href":"https:\/\/www.farnostrana.cz\/index.php?rest_route=\/wp\/v2\/posts\/2548\/revisions\/2549"}],"wp:attachment":[{"href":"https:\/\/www.farnostrana.cz\/index.php?rest_route=%2Fwp%2Fv2%2Fmedia&parent=2548"}],"wp:term":[{"taxonomy":"category","embeddable":true,"href":"https:\/\/www.farnostrana.cz\/index.php?rest_route=%2Fwp%2Fv2%2Fcategories&post=2548"},{"taxonomy":"post_tag","embeddable":true,"href":"https:\/\/www.farnostrana.cz\/index.php?rest_route=%2Fwp%2Fv2%2Ftags&post=2548"}],"curies":[{"name":"wp","href":"https:\/\/api.w.org\/{rel}","templated":true}]}}