{"id":2546,"date":"2026-02-14T22:37:14","date_gmt":"2026-02-14T20:37:14","guid":{"rendered":"https:\/\/www.farnostrana.cz\/?p=2546"},"modified":"2026-02-14T22:37:26","modified_gmt":"2026-02-14T20:37:26","slug":"ohlasky-6-nedele-v-mezidobi-15-2-2026","status":"publish","type":"post","link":"https:\/\/www.farnostrana.cz\/?p=2546","title":{"rendered":"Ohl\u00e1\u0161ky \u2013 \u00a06. ned\u011ble v mezidob\u00ed 15. 2. 2026"},"content":{"rendered":"\n<p><\/p>\n\n\n\n<ul class=\"wp-block-list\">\n<li><strong>M\u0161e sv.:<\/strong> \n<ul class=\"wp-block-list\">\n<li>ve st\u0159edu v\u00a018 h s\u00a0ud\u00edlen\u00edm Popelce, <\/li>\n\n\n\n<li>v p\u00e1tek v\u00a018 h, <\/li>\n\n\n\n<li>v\u00a0ned\u011bli v\u00a09:30 h.<\/li>\n<\/ul>\n<\/li>\n\n\n\n<li><strong>P\u0159ipom\u00edn\u00e1m Popele\u010dn\u00ed st\u0159edu<\/strong> jako den p\u0159\u00edsn\u00e9ho postu. Tak\u00e9 na celou postn\u00ed dobu si m\u00e1me naj\u00edt \u010das k\u00a0modlitb\u011b, postu a dobr\u00e9mu skutku.<\/li>\n\n\n\n<li><strong>Postn\u00ed bro\u017eury<\/strong> ke \u010dten\u00ed si m\u016f\u017eete vz\u00edt na stole\u010dku za p\u0159\u00edsp\u011bvek na tisk.<\/li>\n\n\n\n<li><strong>Duchovn\u00ed obnovy v\u00a0postn\u00ed dob\u011b<\/strong>: <strong>P\u0159ihla\u0161ujte se na stole\u010dku! <\/strong>\n<ul class=\"wp-block-list\">\n<li><strong>Pro mu\u017ee 20. \u2013 22.2.<\/strong> na Hoje\u0161\u00edn\u011b, sraz v\u00a0p\u00e1tek na ve\u010dern\u00ed m\u0161i, l\u016f\u017ekoviny s sebou. <\/li>\n\n\n\n<li>QPro \u017eeny 13. \u2013 15.3. v\u00a0Rokoli.<\/li>\n<\/ul>\n<\/li>\n\n\n\n<li><strong>Potravinov\u00e1 pomoc:<\/strong> v\u00a0roce 2025 jsme vydali 13,6 tun potravin. Pravideln\u011b z\u00e1sobujeme 70 lid\u00ed v\u00a019 dom\u00e1cnostech.<\/li>\n\n\n\n<li><strong>Farn\u00ed t\u00e1bor bude od 2. do 8.8. v\u00a0KC Ran\u00e1<\/strong> s\u00a0n\u00e1zvem Olafovy p\u0159\u00edb\u011bhy. P\u0159ihl\u00e1\u0161ky budou brzy.<\/li>\n\n\n\n<li><strong>Komunitn\u00ed centrum P.F.X.Mimry: <\/strong>p\u0159ipravujeme v\u00fdstavu dom\u00e1c\u00edch k\u0159\u00ed\u017e\u016f na b\u0159ezen.<\/li>\n\n\n\n<li><strong>Sb\u00edrky: <\/strong>p\u0159\u00ed\u0161t\u00ed ned\u011bli Hal\u00ed\u0159 svat\u00e9ho Petra.<\/li>\n\n\n\n<li><strong>Ekonomick\u00e1 rada farnosti se se\u0161la 10. 2. 2026<\/strong>. Projedn\u00e1vala p\u0159edev\u0161\u00edm pl\u00e1n rekonstrukce fary. Z\u00e1pis je na v\u00fdv\u011bsce.<\/li>\n\n\n\n<li><strong>Ekumenick\u00e1 bohoslu\u017eba bude v\u00a0p\u00e1tek 27.2.<\/strong> v\u00a018 h u n\u00e1s.<\/li>\n\n\n\n<li><strong>Katolick\u00fd t\u00fdden\u00edk:<\/strong>\u00a0Postn\u00ed inspirace; T\u00e9ma: St\u0159\u00edzlivost; Perspektivy: V\u00a0chud\u00fdch n\u00e1s B\u016fh doprov\u00e1z\u00ed; rozhovor s\u00a0fotografem Liborem Tepl\u00fdm; Doma: Mlad\u00ed cizinci u n\u00e1s.<\/li>\n<\/ul>\n","protected":false},"excerpt":{"rendered":"","protected":false},"author":1,"featured_media":0,"comment_status":"closed","ping_status":"open","sticky":false,"template":"","format":"standard","meta":{"_monsterinsights_skip_tracking":false,"_monsterinsights_sitenote_active":false,"_monsterinsights_sitenote_note":"","_monsterinsights_sitenote_category":0,"footnotes":""},"categories":[3],"tags":[],"class_list":["post-2546","post","type-post","status-publish","format-standard","hentry","category-ohlasky"],"_links":{"self":[{"href":"https:\/\/www.farnostrana.cz\/index.php?rest_route=\/wp\/v2\/posts\/2546","targetHints":{"allow":["GET"]}}],"collection":[{"href":"https:\/\/www.farnostrana.cz\/index.php?rest_route=\/wp\/v2\/posts"}],"about":[{"href":"https:\/\/www.farnostrana.cz\/index.php?rest_route=\/wp\/v2\/types\/post"}],"author":[{"embeddable":true,"href":"https:\/\/www.farnostrana.cz\/index.php?rest_route=\/wp\/v2\/users\/1"}],"replies":[{"embeddable":true,"href":"https:\/\/www.farnostrana.cz\/index.php?rest_route=%2Fwp%2Fv2%2Fcomments&post=2546"}],"version-history":[{"count":1,"href":"https:\/\/www.farnostrana.cz\/index.php?rest_route=\/wp\/v2\/posts\/2546\/revisions"}],"predecessor-version":[{"id":2547,"href":"https:\/\/www.farnostrana.cz\/index.php?rest_route=\/wp\/v2\/posts\/2546\/revisions\/2547"}],"wp:attachment":[{"href":"https:\/\/www.farnostrana.cz\/index.php?rest_route=%2Fwp%2Fv2%2Fmedia&parent=2546"}],"wp:term":[{"taxonomy":"category","embeddable":true,"href":"https:\/\/www.farnostrana.cz\/index.php?rest_route=%2Fwp%2Fv2%2Fcategories&post=2546"},{"taxonomy":"post_tag","embeddable":true,"href":"https:\/\/www.farnostrana.cz\/index.php?rest_route=%2Fwp%2Fv2%2Ftags&post=2546"}],"curies":[{"name":"wp","href":"https:\/\/api.w.org\/{rel}","templated":true}]}}