{"id":2544,"date":"2026-02-07T22:19:44","date_gmt":"2026-02-07T20:19:44","guid":{"rendered":"https:\/\/www.farnostrana.cz\/?p=2544"},"modified":"2026-02-07T22:19:45","modified_gmt":"2026-02-07T20:19:45","slug":"ohlasky-5-nedele-v-mezidobi-8-2-2026","status":"publish","type":"post","link":"https:\/\/www.farnostrana.cz\/?p=2544","title":{"rendered":"Ohl\u00e1\u0161ky \u2013 \u00a05. ned\u011ble v mezidob\u00ed 8. 2. 2026"},"content":{"rendered":"\n<ul class=\"wp-block-list\">\n<li><strong>M\u0161e sv.:<\/strong> \n<ul class=\"wp-block-list\">\n<li>v p\u00e1tek v\u00a018 h, <\/li>\n\n\n\n<li>v\u00a0ned\u011bli v\u00a09:30 h <strong>pro d\u011bti s\u00a0loutkov\u00fdm k\u00e1z\u00e1n\u00edm<\/strong>.<\/li>\n<\/ul>\n<\/li>\n\n\n\n<li><strong>Sb\u00edrky: <\/strong>p\u0159\u00ed\u0161t\u00ed ned\u011bli Tich\u00e1 sb\u00edrka na opravy.<\/li>\n\n\n\n<li><strong>D\u011bkuji za sb\u00edrku na Ukrajinu. <\/strong>Vybrali jsme 14\u00a0200 K\u010d a pen\u00edze byly odesl\u00e1ny na zakoupen\u00ed elektrocentr\u00e1ly.<\/li>\n\n\n\n<li><strong>Komunitn\u00ed centrum P.F.X.Mimry: <\/strong>p\u0159ipravujeme v\u00fdstavu dom\u00e1c\u00edch k\u0159\u00ed\u017e\u016f na b\u0159ezen.<\/li>\n\n\n\n<li><strong>Ly\u017eov\u00e1n\u00ed pro d\u011bti 10<\/strong>. <strong>a 11.2.,<\/strong> hlaste se v\u00a0z\u00e1kristii. Sraz v\u017edy v\u00a08:30 h u kostela, sva\u010dinu s\u00a0sebou. Mo\u017enost v\u00fduky na po\u017e\u00e1d\u00e1n\u00ed.<\/li>\n\n\n\n<li><strong>Ekumenick\u00e1 bohoslu\u017eba bude v\u00a0p\u00e1tek 27.2.<\/strong> v\u00a018 h u n\u00e1s.<\/li>\n\n\n\n<li><strong>Duchovn\u00ed obnovy v\u00a0postn\u00ed dob\u011b<\/strong>: \n<ul class=\"wp-block-list\">\n<li>pro mu\u017ee 20. \u2013 22.2. na Hoje\u0161\u00edn\u011b, <\/li>\n\n\n\n<li>pro \u017eeny 13. \u2013 15.3. v\u00a0Rokoli.<\/li>\n<\/ul>\n<\/li>\n\n\n\n<li><strong>Katolick\u00fd t\u00fdden\u00edk:<\/strong>\u00a0Nov\u00fd pra\u017esk\u00fd arcibiskup; T\u00e9ma: C\u00edrkev a technologie; Perspektivy: Ameri\u010dt\u00ed biskupov\u00e9 proti n\u00e1sil\u00ed ICE; Jak na kyber\u0161mejdy.<\/li>\n<\/ul>\n","protected":false},"excerpt":{"rendered":"","protected":false},"author":1,"featured_media":0,"comment_status":"closed","ping_status":"open","sticky":false,"template":"","format":"standard","meta":{"_monsterinsights_skip_tracking":false,"_monsterinsights_sitenote_active":false,"_monsterinsights_sitenote_note":"","_monsterinsights_sitenote_category":0,"footnotes":""},"categories":[3],"tags":[],"class_list":["post-2544","post","type-post","status-publish","format-standard","hentry","category-ohlasky"],"_links":{"self":[{"href":"https:\/\/www.farnostrana.cz\/index.php?rest_route=\/wp\/v2\/posts\/2544","targetHints":{"allow":["GET"]}}],"collection":[{"href":"https:\/\/www.farnostrana.cz\/index.php?rest_route=\/wp\/v2\/posts"}],"about":[{"href":"https:\/\/www.farnostrana.cz\/index.php?rest_route=\/wp\/v2\/types\/post"}],"author":[{"embeddable":true,"href":"https:\/\/www.farnostrana.cz\/index.php?rest_route=\/wp\/v2\/users\/1"}],"replies":[{"embeddable":true,"href":"https:\/\/www.farnostrana.cz\/index.php?rest_route=%2Fwp%2Fv2%2Fcomments&post=2544"}],"version-history":[{"count":1,"href":"https:\/\/www.farnostrana.cz\/index.php?rest_route=\/wp\/v2\/posts\/2544\/revisions"}],"predecessor-version":[{"id":2545,"href":"https:\/\/www.farnostrana.cz\/index.php?rest_route=\/wp\/v2\/posts\/2544\/revisions\/2545"}],"wp:attachment":[{"href":"https:\/\/www.farnostrana.cz\/index.php?rest_route=%2Fwp%2Fv2%2Fmedia&parent=2544"}],"wp:term":[{"taxonomy":"category","embeddable":true,"href":"https:\/\/www.farnostrana.cz\/index.php?rest_route=%2Fwp%2Fv2%2Fcategories&post=2544"},{"taxonomy":"post_tag","embeddable":true,"href":"https:\/\/www.farnostrana.cz\/index.php?rest_route=%2Fwp%2Fv2%2Ftags&post=2544"}],"curies":[{"name":"wp","href":"https:\/\/api.w.org\/{rel}","templated":true}]}}