{"id":2535,"date":"2026-01-24T23:21:46","date_gmt":"2026-01-24T21:21:46","guid":{"rendered":"https:\/\/www.farnostrana.cz\/?p=2535"},"modified":"2026-01-24T23:22:16","modified_gmt":"2026-01-24T21:22:16","slug":"ohlasky-3-nedele-v-mezidobi-25-1-2026","status":"publish","type":"post","link":"https:\/\/www.farnostrana.cz\/?p=2535","title":{"rendered":"Ohl\u00e1\u0161ky \u2013 \u00a03. ned\u011ble v mezidob\u00ed 25. 1. 2026"},"content":{"rendered":"\n<p><\/p>\n\n\n\n<ul class=\"wp-block-list\">\n<li><strong>M\u0161e sv.:<\/strong>\u00a0\n<ul class=\"wp-block-list\">\n<li>v \u00fater\u00fd poh\u0159eb ve 13 h +Josef Kub\u00ed\u010dek, <\/li>\n\n\n\n<li>v p\u00e1tek v 18 h, <\/li>\n\n\n\n<li>v ned\u011bli v 8 h Holet\u00edn\u00a0a <\/li>\n\n\n\n<li>v 9:30 h Ran\u00e1.<\/li>\n<\/ul>\n<\/li>\n\n\n\n<li><strong>Chyb\u011bj\u00edc\u00ed figurky do Betl\u00e9ma<\/strong>\u00a0n\u00e1m b\u011bhem roku vy\u0159e\u017ee p.Bruncl\u00edk z Prose\u010de.<\/li>\n\n\n\n<li><strong>Sb\u00edrky:\u00a0<\/strong>\n<ul class=\"wp-block-list\">\n<li>dnes na Biblick\u00fd apo\u0161tol\u00e1t. <\/li>\n\n\n\n<li>P\u0159\u00ed\u0161t\u00ed ned\u011bli\u00a0<strong>navrhuji dobrovolnou sb\u00edrku na\u00a0Ukrajinu<\/strong>\u00a0\u2013 elektrocentr\u00e1ly a nouzov\u00e1 vyt\u00e1p\u011bn\u00ed pro bombardovan\u00e9.<\/li>\n<\/ul>\n<\/li>\n\n\n\n<li><strong>Komunitn\u00ed centrum P.F.X.Mimry:\u00a0<\/strong>p\u0159ipravujeme v\u00fdstavu dom\u00e1c\u00edch k\u0159\u00ed\u017e\u016f na b\u0159ezen.<\/li>\n\n\n\n<li><strong>Ly\u017eov\u00e1n\u00ed pro d\u011bti 10<\/strong>.\u00a0<strong>a 11.2.,<\/strong>\u00a0hlaste se v z\u00e1kristii.<\/li>\n\n\n\n<li><strong>Ekumenick\u00e1 bohoslu\u017eba bude v p\u00e1tek 27.2.<\/strong>\u00a0v 18 h u n\u00e1s.<\/li>\n\n\n\n<li><strong>Duchovn\u00ed obnovy v postn\u00ed dob\u011b<\/strong>: \n<ul class=\"wp-block-list\">\n<li>pro mu\u017ee 20. \u2013 22.2. na Hoje\u0161\u00edn\u011b, <\/li>\n\n\n\n<li>pro \u017eeny 13. \u2013\u00a015.3. v Rokoli.<\/li>\n<\/ul>\n<\/li>\n\n\n\n<li><strong>Katolick\u00fd t\u00fdden\u00edk:<\/strong>\u00a0Prezident u pape\u017ee; T\u00e9ma: Bo\u017e\u00ed slovo; Perspektivy: Kdy\u017e kn\u011bz\u00a0vyjde na koledu; rozhovor se sociolo\u017ekou Grace Davie; Doma: Sami do kostela.<\/li>\n<\/ul>\n","protected":false},"excerpt":{"rendered":"","protected":false},"author":1,"featured_media":0,"comment_status":"closed","ping_status":"open","sticky":false,"template":"","format":"standard","meta":{"_monsterinsights_skip_tracking":false,"_monsterinsights_sitenote_active":false,"_monsterinsights_sitenote_note":"","_monsterinsights_sitenote_category":0,"footnotes":""},"categories":[3],"tags":[],"class_list":["post-2535","post","type-post","status-publish","format-standard","hentry","category-ohlasky"],"_links":{"self":[{"href":"https:\/\/www.farnostrana.cz\/index.php?rest_route=\/wp\/v2\/posts\/2535","targetHints":{"allow":["GET"]}}],"collection":[{"href":"https:\/\/www.farnostrana.cz\/index.php?rest_route=\/wp\/v2\/posts"}],"about":[{"href":"https:\/\/www.farnostrana.cz\/index.php?rest_route=\/wp\/v2\/types\/post"}],"author":[{"embeddable":true,"href":"https:\/\/www.farnostrana.cz\/index.php?rest_route=\/wp\/v2\/users\/1"}],"replies":[{"embeddable":true,"href":"https:\/\/www.farnostrana.cz\/index.php?rest_route=%2Fwp%2Fv2%2Fcomments&post=2535"}],"version-history":[{"count":1,"href":"https:\/\/www.farnostrana.cz\/index.php?rest_route=\/wp\/v2\/posts\/2535\/revisions"}],"predecessor-version":[{"id":2536,"href":"https:\/\/www.farnostrana.cz\/index.php?rest_route=\/wp\/v2\/posts\/2535\/revisions\/2536"}],"wp:attachment":[{"href":"https:\/\/www.farnostrana.cz\/index.php?rest_route=%2Fwp%2Fv2%2Fmedia&parent=2535"}],"wp:term":[{"taxonomy":"category","embeddable":true,"href":"https:\/\/www.farnostrana.cz\/index.php?rest_route=%2Fwp%2Fv2%2Fcategories&post=2535"},{"taxonomy":"post_tag","embeddable":true,"href":"https:\/\/www.farnostrana.cz\/index.php?rest_route=%2Fwp%2Fv2%2Ftags&post=2535"}],"curies":[{"name":"wp","href":"https:\/\/api.w.org\/{rel}","templated":true}]}}