{"id":2492,"date":"2025-12-06T22:59:06","date_gmt":"2025-12-06T20:59:06","guid":{"rendered":"https:\/\/www.farnostrana.cz\/?p=2492"},"modified":"2025-12-13T22:33:14","modified_gmt":"2025-12-13T20:33:14","slug":"ohlasky-1-nedele-adventni-30-11-2025-2","status":"publish","type":"post","link":"https:\/\/www.farnostrana.cz\/?p=2492","title":{"rendered":"Ohl\u00e1\u0161ky \u2013 \u00a02. ned\u011ble adventn\u00ed"},"content":{"rendered":"\n<ul class=\"wp-block-list\">\n<li><strong>M\u0161e sv.:<\/strong> \u00a0\n<ul class=\"wp-block-list\">\n<li>v\u00a0p\u00e1tek m\u0161e sv. v\u00a018 h, <\/li>\n\n\n\n<li>v\u00a0ned\u011bli v 9:30 h Ran\u00e1.<\/li>\n<\/ul>\n<\/li>\n\n\n\n<li><strong>P\u0159edv\u00e1no\u010dn\u00ed zpov\u00edd\u00e1n\u00ed v\u00a0p\u00e1tek 19.12. od 15 do 18 h<\/strong><\/li>\n\n\n\n<li><strong>Komunitn\u00ed centrum P.F.X.Mimry: <\/strong>\n<ul class=\"wp-block-list\">\n<li><strong>pond\u011bl\u00ed<\/strong> <strong>15.12. Adventn\u00ed d\u00edlni\u010dka<\/strong> pro rodiny s\u00a0d\u011btmi od 16 do 18 h, <\/li>\n\n\n\n<li>2.1. Lesn\u00ed v\u00fdprava d\u011bt\u00ed.<\/li>\n<\/ul>\n<\/li>\n\n\n\n<li><strong>Adventn\u00ed duchovn\u00ed obnova ve Skut\u010di s\u00a0P. Vojt\u011bchem Kodetem<\/strong> v\u00a0sobotu 13.12. od 9 h v\u00a0kostele.<\/li>\n\n\n\n<li><strong>Katolick\u00fd t\u00fdden\u00edk:<\/strong>\u00a0Pape\u017eova cesta k\u00a0z\u00e1klad\u016fm v\u00edry; T\u00e9ma: Po stop\u00e1ch koncilu; Perspektivy: A\u0165 jsou v\u0161ichni jedno; rozhovor s\u00a0imit\u00e1torem V\u00e1clavem Faltusem; Doma: Adventn\u00ed zklidn\u011bn\u00ed.<\/li>\n<\/ul>\n","protected":false},"excerpt":{"rendered":"","protected":false},"author":1,"featured_media":0,"comment_status":"closed","ping_status":"open","sticky":false,"template":"","format":"standard","meta":{"_monsterinsights_skip_tracking":false,"_monsterinsights_sitenote_active":false,"_monsterinsights_sitenote_note":"","_monsterinsights_sitenote_category":0,"footnotes":""},"categories":[3],"tags":[],"class_list":["post-2492","post","type-post","status-publish","format-standard","hentry","category-ohlasky"],"_links":{"self":[{"href":"https:\/\/www.farnostrana.cz\/index.php?rest_route=\/wp\/v2\/posts\/2492","targetHints":{"allow":["GET"]}}],"collection":[{"href":"https:\/\/www.farnostrana.cz\/index.php?rest_route=\/wp\/v2\/posts"}],"about":[{"href":"https:\/\/www.farnostrana.cz\/index.php?rest_route=\/wp\/v2\/types\/post"}],"author":[{"embeddable":true,"href":"https:\/\/www.farnostrana.cz\/index.php?rest_route=\/wp\/v2\/users\/1"}],"replies":[{"embeddable":true,"href":"https:\/\/www.farnostrana.cz\/index.php?rest_route=%2Fwp%2Fv2%2Fcomments&post=2492"}],"version-history":[{"count":2,"href":"https:\/\/www.farnostrana.cz\/index.php?rest_route=\/wp\/v2\/posts\/2492\/revisions"}],"predecessor-version":[{"id":2501,"href":"https:\/\/www.farnostrana.cz\/index.php?rest_route=\/wp\/v2\/posts\/2492\/revisions\/2501"}],"wp:attachment":[{"href":"https:\/\/www.farnostrana.cz\/index.php?rest_route=%2Fwp%2Fv2%2Fmedia&parent=2492"}],"wp:term":[{"taxonomy":"category","embeddable":true,"href":"https:\/\/www.farnostrana.cz\/index.php?rest_route=%2Fwp%2Fv2%2Fcategories&post=2492"},{"taxonomy":"post_tag","embeddable":true,"href":"https:\/\/www.farnostrana.cz\/index.php?rest_route=%2Fwp%2Fv2%2Ftags&post=2492"}],"curies":[{"name":"wp","href":"https:\/\/api.w.org\/{rel}","templated":true}]}}