{"id":2490,"date":"2025-11-29T23:56:42","date_gmt":"2025-11-29T21:56:42","guid":{"rendered":"https:\/\/www.farnostrana.cz\/?p=2490"},"modified":"2025-11-29T23:56:43","modified_gmt":"2025-11-29T21:56:43","slug":"rozpis-lektoru-na-prosinec-2025","status":"publish","type":"post","link":"https:\/\/www.farnostrana.cz\/?p=2490","title":{"rendered":"Rozpis lektor\u016f na prosinec 2025"},"content":{"rendered":"\n<figure class=\"wp-block-table\"><table class=\"has-fixed-layout\"><tbody><tr><td>&nbsp;<\/td><td><strong>1. \u010dten\u00ed<\/strong><strong><\/strong><\/td><td><strong>2. \u010dten\u00ed<\/strong><strong><\/strong><\/td><\/tr><tr><td><strong>7. 12.<\/strong> 2. ned\u011ble adventn\u00ed<\/td><td>H. Pavli\u0161ov\u00e1<\/td><td>M. Mou\u010dkov\u00e1<\/td><\/tr><tr><td><strong>14. 12.<\/strong> 3. ned\u011ble adventn\u00ed<\/td><td>E. Bro\u017ekov\u00e1<\/td><td>M. Jehli\u010dkov\u00e1<\/td><\/tr><tr><td><strong>21. 12.<\/strong> 4. ned\u011ble adventn\u00ed<\/td><td>P. Balek<\/td><td>J. Hladk\u00e1<\/td><\/tr><tr><td><strong>24. 12. <\/strong>(st\u0159eda) 22.00 Vigilie Sl. Narozen\u00ed P\u00e1n\u011b&nbsp;<\/td><td>V. Pavli\u0161 ml.<\/td><td>J. Duche\u010dkov\u00e1<\/td><\/tr><tr><td><strong>25. 12. <\/strong>(\u010dtvrtek) 9.30 Slavnost Narozen\u00ed P\u00e1n\u011b<\/td><td>M. Mou\u010dkov\u00e1<\/td><td>M. Jehli\u010dkov\u00e1<\/td><\/tr><tr><td><strong>26. 12. <\/strong>(p\u00e1tek) 9.30 Sv. \u0160t\u011bp\u00e1na<\/td><td>P. Sodomkov\u00e1<\/td><td>&#8211;<\/td><\/tr><tr><td><strong>28. 12. <\/strong>(ned\u011ble) 9.30 Sv. Svat\u00e9 rodiny<\/td><td>L. Va\u0148\u00e1\u010d<\/td><td>L. Ad\u00e1mkov\u00e1<\/td><\/tr><tr><td><strong>1. 1. 2026 <\/strong>(\u010dtvrtek) 9.30 Sl. Matky Bo\u017e\u00ed, Panny Marie<\/td><td>M. Bro\u017eek<\/td><td>J. Duche\u010dkov\u00e1<\/td><\/tr><\/tbody><\/table><\/figure>\n\n\n\n<p>Dejte pros\u00edm min. 10 minut p\u0159ed za\u010d\u00e1tkem m\u0161e sv. v\u011bd\u011bt, \u017ee budete \u010d\u00edst!<br>Nebudete-li moci \u010d\u00edst, domluvte si pros\u00edm za sebe n\u00e1hradu!<\/p>\n","protected":false},"excerpt":{"rendered":"<p>&nbsp; 1. \u010dten\u00ed 2. \u010dten\u00ed 7. 12. 2. ned\u011ble adventn\u00ed H. Pavli\u0161ov\u00e1 M. Mou\u010dkov\u00e1 14. 12. 3. ned\u011ble adventn\u00ed E. Bro\u017ekov\u00e1 M. Jehli\u010dkov\u00e1 21. 12. 4. ned\u011ble adventn\u00ed P. Balek J. Hladk\u00e1 24. 12. (st\u0159eda) 22.00 Vigilie Sl. Narozen\u00ed P\u00e1n\u011b&nbsp; <a class=\"more-link\" href=\"https:\/\/www.farnostrana.cz\/?p=2490\">Cel\u00fd \u010dl\u00e1nek  <span class=\"screen-reader-text\">  Rozpis lektor\u016f na prosinec 2025<\/span><span class=\"meta-nav\">&rarr;<\/span><\/a><\/p>\n","protected":false},"author":1,"featured_media":0,"comment_status":"closed","ping_status":"open","sticky":false,"template":"","format":"standard","meta":{"_monsterinsights_skip_tracking":false,"_monsterinsights_sitenote_active":false,"_monsterinsights_sitenote_note":"","_monsterinsights_sitenote_category":0,"footnotes":""},"categories":[3],"tags":[],"class_list":["post-2490","post","type-post","status-publish","format-standard","hentry","category-ohlasky"],"_links":{"self":[{"href":"https:\/\/www.farnostrana.cz\/index.php?rest_route=\/wp\/v2\/posts\/2490","targetHints":{"allow":["GET"]}}],"collection":[{"href":"https:\/\/www.farnostrana.cz\/index.php?rest_route=\/wp\/v2\/posts"}],"about":[{"href":"https:\/\/www.farnostrana.cz\/index.php?rest_route=\/wp\/v2\/types\/post"}],"author":[{"embeddable":true,"href":"https:\/\/www.farnostrana.cz\/index.php?rest_route=\/wp\/v2\/users\/1"}],"replies":[{"embeddable":true,"href":"https:\/\/www.farnostrana.cz\/index.php?rest_route=%2Fwp%2Fv2%2Fcomments&post=2490"}],"version-history":[{"count":1,"href":"https:\/\/www.farnostrana.cz\/index.php?rest_route=\/wp\/v2\/posts\/2490\/revisions"}],"predecessor-version":[{"id":2491,"href":"https:\/\/www.farnostrana.cz\/index.php?rest_route=\/wp\/v2\/posts\/2490\/revisions\/2491"}],"wp:attachment":[{"href":"https:\/\/www.farnostrana.cz\/index.php?rest_route=%2Fwp%2Fv2%2Fmedia&parent=2490"}],"wp:term":[{"taxonomy":"category","embeddable":true,"href":"https:\/\/www.farnostrana.cz\/index.php?rest_route=%2Fwp%2Fv2%2Fcategories&post=2490"},{"taxonomy":"post_tag","embeddable":true,"href":"https:\/\/www.farnostrana.cz\/index.php?rest_route=%2Fwp%2Fv2%2Ftags&post=2490"}],"curies":[{"name":"wp","href":"https:\/\/api.w.org\/{rel}","templated":true}]}}