{"id":2473,"date":"2025-11-15T22:05:17","date_gmt":"2025-11-15T20:05:17","guid":{"rendered":"https:\/\/www.farnostrana.cz\/?p=2473"},"modified":"2025-11-18T09:41:39","modified_gmt":"2025-11-18T07:41:39","slug":"ohlasky-32-nedele-v-mezidobi-16-11-2025","status":"publish","type":"post","link":"https:\/\/www.farnostrana.cz\/?p=2473","title":{"rendered":"Ohl\u00e1\u0161ky \u2013 \u00a033. ned\u011ble v mezidob\u00ed 16. 11. 2025"},"content":{"rendered":"\n<p><\/p>\n\n\n\n<ul class=\"wp-block-list\">\n<li><strong>M\u0161e sv.:<\/strong>\u00a0\u00a0\n<ul class=\"wp-block-list\">\n<li>v p\u00e1tek v 18 h, <\/li>\n\n\n\n<li>v ned\u011bli v 9:30 h.<\/li>\n<\/ul>\n<\/li>\n\n\n\n<li><strong>D\u011bkuji d\u011btem za brig\u00e1du na list\u00ed kolem kostela.\u00a0<\/strong>Mohl by n\u011bkdo dokon\u010dit d\u00edlo?<\/li>\n\n\n\n<li><strong>Sb\u00edrky:<\/strong>\u00a0\n<ul class=\"wp-block-list\">\n<li>na katolick\u00e1 m\u00e9dia jsme vybrali 7505 K\u010d, <\/li>\n\n\n\n<li>na misie 3600 K\u010d, <\/li>\n\n\n\n<li>p\u0159i Tich\u00e9 sb\u00edrce\u00a0na opravy 11 998 K\u010d. <\/li>\n\n\n\n<li>P\u00e1n B\u016fh zapla\u0165! <\/li>\n\n\n\n<li>Adres\u00e1ty sb\u00edrky na m\u00e9dia si m\u016f\u017eete p\u0159e\u010d\u00edst na\u00a0v\u00fdv\u011bsce.<\/li>\n<\/ul>\n<\/li>\n\n\n\n<li><strong>Koupili jsme kousek lesa<\/strong>\u00a0navazuj\u00edc\u00ed na na\u0161e pozemky o v\u00fdm\u011b\u0159e 1313 m2 za 50 tis.\u00a0K\u010d v katastru Holet\u00edn \u010d. 863.<\/li>\n\n\n\n<li><strong>Komunitn\u00ed centrum P.F.X.Mimry:<\/strong>\u00a0\n<ul class=\"wp-block-list\">\n<li>4.12. beseda s kardiochirurgem MUDr.\u00a0Tom\u00e1\u0161em Lazar\u00e1kem. <\/li>\n\n\n\n<li>15.12. v\u00e1no\u010dn\u00ed tvo\u0159en\u00ed pro rodiny s d\u011btmi, 2.1. Lesn\u00ed v\u00fdprava\u00a0d\u011bt\u00ed.<\/li>\n<\/ul>\n<\/li>\n\n\n\n<li><strong>SWAP \u2013<\/strong>\u00a0v\u00fdm\u011bna oble\u010den\u00ed zdarma v sobotu 22.11. od 10 do 13 h ve Vojt\u011bchov\u011b.<\/li>\n\n\n\n<li><strong>Katolick\u00fd t\u00fdden\u00edk:<\/strong>\u00a0Rozlou\u010den\u00ed s kardin\u00e1lem Dukou; T\u00e9ma: K\u0159es\u0165an a v\u011bci ve\u0159ejn\u00e9;\u00a0Perspektivy: Ode\u0161el disident a bojovn\u00edk; rozhovor s filologem Ond\u0159ejem Koupilem;\u00a0Doma: Noty na konci roku.<\/li>\n<\/ul>\n","protected":false},"excerpt":{"rendered":"","protected":false},"author":1,"featured_media":0,"comment_status":"closed","ping_status":"open","sticky":false,"template":"","format":"standard","meta":{"_monsterinsights_skip_tracking":false,"_monsterinsights_sitenote_active":false,"_monsterinsights_sitenote_note":"","_monsterinsights_sitenote_category":0,"footnotes":""},"categories":[3],"tags":[],"class_list":["post-2473","post","type-post","status-publish","format-standard","hentry","category-ohlasky"],"_links":{"self":[{"href":"https:\/\/www.farnostrana.cz\/index.php?rest_route=\/wp\/v2\/posts\/2473","targetHints":{"allow":["GET"]}}],"collection":[{"href":"https:\/\/www.farnostrana.cz\/index.php?rest_route=\/wp\/v2\/posts"}],"about":[{"href":"https:\/\/www.farnostrana.cz\/index.php?rest_route=\/wp\/v2\/types\/post"}],"author":[{"embeddable":true,"href":"https:\/\/www.farnostrana.cz\/index.php?rest_route=\/wp\/v2\/users\/1"}],"replies":[{"embeddable":true,"href":"https:\/\/www.farnostrana.cz\/index.php?rest_route=%2Fwp%2Fv2%2Fcomments&post=2473"}],"version-history":[{"count":2,"href":"https:\/\/www.farnostrana.cz\/index.php?rest_route=\/wp\/v2\/posts\/2473\/revisions"}],"predecessor-version":[{"id":2477,"href":"https:\/\/www.farnostrana.cz\/index.php?rest_route=\/wp\/v2\/posts\/2473\/revisions\/2477"}],"wp:attachment":[{"href":"https:\/\/www.farnostrana.cz\/index.php?rest_route=%2Fwp%2Fv2%2Fmedia&parent=2473"}],"wp:term":[{"taxonomy":"category","embeddable":true,"href":"https:\/\/www.farnostrana.cz\/index.php?rest_route=%2Fwp%2Fv2%2Fcategories&post=2473"},{"taxonomy":"post_tag","embeddable":true,"href":"https:\/\/www.farnostrana.cz\/index.php?rest_route=%2Fwp%2Fv2%2Ftags&post=2473"}],"curies":[{"name":"wp","href":"https:\/\/api.w.org\/{rel}","templated":true}]}}