{"id":2468,"date":"2025-11-08T22:01:42","date_gmt":"2025-11-08T20:01:42","guid":{"rendered":"https:\/\/www.farnostrana.cz\/?p=2468"},"modified":"2025-11-08T22:01:59","modified_gmt":"2025-11-08T20:01:59","slug":"ohlasky-svatek-lateranske-baziliky-9-11-2025","status":"publish","type":"post","link":"https:\/\/www.farnostrana.cz\/?p=2468","title":{"rendered":"Ohl\u00e1\u0161ky \u2013 \u00a0sv\u00e1tek Later\u00e1nsk\u00e9 baziliky 9. 11. 2025"},"content":{"rendered":"\n<p><\/p>\n\n\n\n<ul class=\"wp-block-list\">\n<li><strong>M\u0161e sv.:<\/strong>\u00a0\u00a0\n<ul class=\"wp-block-list\">\n<li>v p\u00e1tek v 18 h, <\/li>\n\n\n\n<li>v ned\u011bli v 9:30 h\u00a0<strong>pro d\u011bti s loutkov\u00fdm k\u00e1z\u00e1n\u00edm<\/strong>.<\/li>\n<\/ul>\n<\/li>\n\n\n\n<li><strong>Pros\u00edm o brig\u00e1du na list\u00ed kolem kostela\u00a0<\/strong>b\u011bhem t\u00fddne, jak kdo m\u016f\u017eete.<\/li>\n\n\n\n<li><strong>Sb\u00edrky:<\/strong>\u00a0dnes na katolick\u00e1 m\u00e9dia, p\u0159\u00ed\u0161t\u00ed ned\u011bli Tich\u00e1 na opravy.<\/li>\n\n\n\n<li><strong>Komunitn\u00ed centrum P.F.X.Mimry:<\/strong>\u00a0\n<ul class=\"wp-block-list\">\n<li><strong>13.11. v 17 h cestopis Guatemala<\/strong>\u00a0s P.Linhartem, <\/li>\n\n\n\n<li>4.12. beseda s kardiochirurgem MuDr. Tom\u00e1\u0161em Lazar\u00e1kem.<\/li>\n<\/ul>\n<\/li>\n\n\n\n<li><strong>Katolick\u00fd t\u00fdden\u00edk:<\/strong>\u00a0M\u00e1me nov\u00e9ho u\u010ditele c\u00edrkve; T\u00e9ma: Zp\u011btn\u00e1 vazba v c\u00edrkvi;\u00a0Perspektivy: Ke sv\u011bcen\u00ed \u017een ve skryt\u00e9 c\u00edrkvi; rozhovor s arcibiskupem Heinerem\u00a0Kochem; Doma: U\u010ditel a \u017e\u00e1k.<\/li>\n<\/ul>\n","protected":false},"excerpt":{"rendered":"","protected":false},"author":1,"featured_media":0,"comment_status":"closed","ping_status":"open","sticky":false,"template":"","format":"standard","meta":{"_monsterinsights_skip_tracking":false,"_monsterinsights_sitenote_active":false,"_monsterinsights_sitenote_note":"","_monsterinsights_sitenote_category":0,"footnotes":""},"categories":[3],"tags":[],"class_list":["post-2468","post","type-post","status-publish","format-standard","hentry","category-ohlasky"],"_links":{"self":[{"href":"https:\/\/www.farnostrana.cz\/index.php?rest_route=\/wp\/v2\/posts\/2468","targetHints":{"allow":["GET"]}}],"collection":[{"href":"https:\/\/www.farnostrana.cz\/index.php?rest_route=\/wp\/v2\/posts"}],"about":[{"href":"https:\/\/www.farnostrana.cz\/index.php?rest_route=\/wp\/v2\/types\/post"}],"author":[{"embeddable":true,"href":"https:\/\/www.farnostrana.cz\/index.php?rest_route=\/wp\/v2\/users\/1"}],"replies":[{"embeddable":true,"href":"https:\/\/www.farnostrana.cz\/index.php?rest_route=%2Fwp%2Fv2%2Fcomments&post=2468"}],"version-history":[{"count":1,"href":"https:\/\/www.farnostrana.cz\/index.php?rest_route=\/wp\/v2\/posts\/2468\/revisions"}],"predecessor-version":[{"id":2469,"href":"https:\/\/www.farnostrana.cz\/index.php?rest_route=\/wp\/v2\/posts\/2468\/revisions\/2469"}],"wp:attachment":[{"href":"https:\/\/www.farnostrana.cz\/index.php?rest_route=%2Fwp%2Fv2%2Fmedia&parent=2468"}],"wp:term":[{"taxonomy":"category","embeddable":true,"href":"https:\/\/www.farnostrana.cz\/index.php?rest_route=%2Fwp%2Fv2%2Fcategories&post=2468"},{"taxonomy":"post_tag","embeddable":true,"href":"https:\/\/www.farnostrana.cz\/index.php?rest_route=%2Fwp%2Fv2%2Ftags&post=2468"}],"curies":[{"name":"wp","href":"https:\/\/api.w.org\/{rel}","templated":true}]}}