{"id":2440,"date":"2025-09-20T21:41:42","date_gmt":"2025-09-20T19:41:42","guid":{"rendered":"https:\/\/www.farnostrana.cz\/?p=2440"},"modified":"2025-09-20T21:41:48","modified_gmt":"2025-09-20T19:41:48","slug":"ohlasky-25-nedele-v-mezidobi-21-9-2025","status":"publish","type":"post","link":"https:\/\/www.farnostrana.cz\/?p=2440","title":{"rendered":"Ohl\u00e1\u0161ky \u2013 \u00a025. ned\u011ble v mezidob\u00ed 21. 9. 2025"},"content":{"rendered":"\n<p><\/p>\n\n\n\n<ul class=\"wp-block-list\">\n<li><strong>M\u0161e sv.:<\/strong>\u00a0\u00a0v p\u00e1tek v 18 h, v ned\u011bli v 9:30 h.<\/li>\n\n\n\n<li><strong>Sb\u00edrky: dnes\u00a0<\/strong>Tich\u00e1 sb\u00edrka na opravy.<\/li>\n\n\n\n<li><strong>Vych\u00e1z\u00ed Zpravodaj farnost\u00ed<\/strong>. K dispozici na stole\u010dku. D\u011bkuji v\u0161em p\u0159isp\u011bvatel\u016fm i\u00a0redakci!<\/li>\n\n\n\n<li><strong>Prohl\u00e1\u0161en\u00ed \u010cBK k volb\u00e1m<\/strong>\u00a0na v\u00fdv\u011bsce.<\/li>\n\n\n\n<li><strong>Komunitn\u00ed centrum P. F. X. Mimry:<\/strong>\u00a0p\u0159ipravujeme dal\u0161\u00ed akce.<\/li>\n\n\n\n<li><strong>Svatov\u00e1clavsk\u00fd ples 27. 9. ve Vojt\u011bchov\u011b od 20 h. P\u0159\u00edprava od 9 h r\u00e1no.\u00a0<\/strong>Na prvn\u00edm\u00a0m\u00edst\u011b p\u0159ij\u010fte vy, mil\u00ed farn\u00edci. Z a druh\u00e9 pozv\u011bte sv\u00e9 zn\u00e1m\u00e9. Pros\u00edm tak\u00e9 o v\u011bcn\u00e9 dary\u00a0a pomoc s p\u0159\u00edpravou.<\/li>\n\n\n\n<li><strong>Zahajovac\u00ed ve\u010der mlad\u00fdch 3.<\/strong> 10. v 18 h v Prose\u010di.<\/li>\n\n\n\n<li><strong>Diec\u00e9zn\u00ed f\u00f3rum ml\u00e1de\u017ee \u2013<\/strong>\u00a0odkaz na dotazn\u00edk na plak\u00e1tku na v\u00fdv\u011bsce.<\/li>\n\n\n\n<li><strong>Katolick\u00fd t\u00fdden\u00edk:<\/strong>\u00a0Na co m\u00e1 k\u0159es\u0165an hled\u011bt p\u0159i volb\u00e1ch; T\u00e9ma: Slavit spole\u010dn\u011b;\u00a0Perspektivy: C\u00edrkev \u017eije tam, kde se l\u00e1me sv\u011bt; rozhovor s Tom\u00e1\u0161em Bartoncem;\u00a0Doma: Modlitebn\u00ed novena p\u0159ed volbami.<\/li>\n<\/ul>\n","protected":false},"excerpt":{"rendered":"","protected":false},"author":1,"featured_media":0,"comment_status":"closed","ping_status":"open","sticky":false,"template":"","format":"standard","meta":{"_monsterinsights_skip_tracking":false,"_monsterinsights_sitenote_active":false,"_monsterinsights_sitenote_note":"","_monsterinsights_sitenote_category":0,"footnotes":""},"categories":[3],"tags":[],"class_list":["post-2440","post","type-post","status-publish","format-standard","hentry","category-ohlasky"],"_links":{"self":[{"href":"https:\/\/www.farnostrana.cz\/index.php?rest_route=\/wp\/v2\/posts\/2440","targetHints":{"allow":["GET"]}}],"collection":[{"href":"https:\/\/www.farnostrana.cz\/index.php?rest_route=\/wp\/v2\/posts"}],"about":[{"href":"https:\/\/www.farnostrana.cz\/index.php?rest_route=\/wp\/v2\/types\/post"}],"author":[{"embeddable":true,"href":"https:\/\/www.farnostrana.cz\/index.php?rest_route=\/wp\/v2\/users\/1"}],"replies":[{"embeddable":true,"href":"https:\/\/www.farnostrana.cz\/index.php?rest_route=%2Fwp%2Fv2%2Fcomments&post=2440"}],"version-history":[{"count":1,"href":"https:\/\/www.farnostrana.cz\/index.php?rest_route=\/wp\/v2\/posts\/2440\/revisions"}],"predecessor-version":[{"id":2441,"href":"https:\/\/www.farnostrana.cz\/index.php?rest_route=\/wp\/v2\/posts\/2440\/revisions\/2441"}],"wp:attachment":[{"href":"https:\/\/www.farnostrana.cz\/index.php?rest_route=%2Fwp%2Fv2%2Fmedia&parent=2440"}],"wp:term":[{"taxonomy":"category","embeddable":true,"href":"https:\/\/www.farnostrana.cz\/index.php?rest_route=%2Fwp%2Fv2%2Fcategories&post=2440"},{"taxonomy":"post_tag","embeddable":true,"href":"https:\/\/www.farnostrana.cz\/index.php?rest_route=%2Fwp%2Fv2%2Ftags&post=2440"}],"curies":[{"name":"wp","href":"https:\/\/api.w.org\/{rel}","templated":true}]}}