{"id":2438,"date":"2025-09-13T20:48:09","date_gmt":"2025-09-13T18:48:09","guid":{"rendered":"https:\/\/www.farnostrana.cz\/?p=2438"},"modified":"2025-09-13T20:49:01","modified_gmt":"2025-09-13T18:49:01","slug":"ohlasky-svatek-povyseni-svateho-krize-14-9-2025","status":"publish","type":"post","link":"https:\/\/www.farnostrana.cz\/?p=2438","title":{"rendered":"Ohl\u00e1\u0161ky \u2013 \u00a0sv\u00e1tek Pov\u00fd\u0161en\u00ed svat\u00e9ho k\u0159\u00ed\u017ee 14. 9. 2025"},"content":{"rendered":"\n<p><\/p>\n\n\n\n<ul class=\"wp-block-list\">\n<li><strong>M\u0161e sv.:<\/strong>\u00a0\u00a0\n<ul class=\"wp-block-list\">\n<li>v p\u00e1tek poh\u0159eb v 15 h +Vladim\u00edr Posp\u00ed\u0161il, ve\u010dern\u00ed NEBUDE, <\/li>\n\n\n\n<li>v sobotu k\u0159est\u00a0ve 14 h Apolena Zahradn\u00edkov\u00e1, <\/li>\n\n\n\n<li>v ned\u011bli v 9:30 h\u00a0<strong>pro d\u011bti s loutkov\u00fdm k\u00e1z\u00e1n\u00edm<\/strong>.<\/li>\n<\/ul>\n<\/li>\n\n\n\n<li><strong>Sb\u00edrky: dnes\u00a0<\/strong>na c\u00edrkevn\u00ed \u0161kolstv\u00ed. P\u0159\u00ed\u0161t\u00ed ned\u011bli Tich\u00e1 sb\u00edrka na opravy.<\/li>\n\n\n\n<li><strong>Komunitn\u00ed centrum P.F.X.Mimry:<\/strong>\u00a0p\u0159ipravujeme dal\u0161\u00ed akce.<\/li>\n\n\n\n<li><strong>Bl\u00ed\u017e\u00ed se n\u00e1\u0161 Svatov\u00e1clavsk\u00fd ples 27.9. ve Vojt\u011bchov\u011b.\u00a0<\/strong>Pozv\u011bte sv\u00e9 zn\u00e1m\u00e9, pros\u00edm\u00a0tak\u00e9 o v\u011bcn\u00e9 dary a pomoc s p\u0159\u00edpravou.<\/li>\n\n\n\n<li><strong>Instalace\u00a0<\/strong>nov\u00e9ho evangelick\u00e9ho far\u00e1\u0159e Ji\u0159\u00edho Orta bude v Kroun\u011b 14.9. ve 14 h.<\/li>\n\n\n\n<li><strong>Varhann\u00ed koncert v Hlinsku<\/strong>\u00a0dnes ned\u011bli v 15 h.<\/li>\n\n\n\n<li><strong>Gymn\u00e1zium S\u0158MR ve Skut\u010di slav\u00ed 25 let. V p\u00e1tek 19.9. v 10 h m\u0161e sv. v kostele\u00a0<\/strong><strong>s p\u0159edstaviteli \u0158\u00e1du a potom celodenn\u00ed program na gymn\u00e1ziu.<\/strong><\/li>\n\n\n\n<li><strong>Katolick\u00fd t\u00fdden\u00edk:<\/strong>\u00a0Inspiruj\u00ed v\u00edrou i radost\u00ed ze \u017eivota; T\u00e9ma: Evangelizace;\u00a0Perspektivy: Mlad\u00ed lid\u00e9 na cest\u011b do Emauz; rozhovor s P.Jurajem Pigulou; Doma:\u00a0Soci\u00e1ln\u00ed politika.<\/li>\n<\/ul>\n","protected":false},"excerpt":{"rendered":"","protected":false},"author":1,"featured_media":0,"comment_status":"closed","ping_status":"open","sticky":false,"template":"","format":"standard","meta":{"_monsterinsights_skip_tracking":false,"_monsterinsights_sitenote_active":false,"_monsterinsights_sitenote_note":"","_monsterinsights_sitenote_category":0,"footnotes":""},"categories":[3],"tags":[],"class_list":["post-2438","post","type-post","status-publish","format-standard","hentry","category-ohlasky"],"_links":{"self":[{"href":"https:\/\/www.farnostrana.cz\/index.php?rest_route=\/wp\/v2\/posts\/2438","targetHints":{"allow":["GET"]}}],"collection":[{"href":"https:\/\/www.farnostrana.cz\/index.php?rest_route=\/wp\/v2\/posts"}],"about":[{"href":"https:\/\/www.farnostrana.cz\/index.php?rest_route=\/wp\/v2\/types\/post"}],"author":[{"embeddable":true,"href":"https:\/\/www.farnostrana.cz\/index.php?rest_route=\/wp\/v2\/users\/1"}],"replies":[{"embeddable":true,"href":"https:\/\/www.farnostrana.cz\/index.php?rest_route=%2Fwp%2Fv2%2Fcomments&post=2438"}],"version-history":[{"count":1,"href":"https:\/\/www.farnostrana.cz\/index.php?rest_route=\/wp\/v2\/posts\/2438\/revisions"}],"predecessor-version":[{"id":2439,"href":"https:\/\/www.farnostrana.cz\/index.php?rest_route=\/wp\/v2\/posts\/2438\/revisions\/2439"}],"wp:attachment":[{"href":"https:\/\/www.farnostrana.cz\/index.php?rest_route=%2Fwp%2Fv2%2Fmedia&parent=2438"}],"wp:term":[{"taxonomy":"category","embeddable":true,"href":"https:\/\/www.farnostrana.cz\/index.php?rest_route=%2Fwp%2Fv2%2Fcategories&post=2438"},{"taxonomy":"post_tag","embeddable":true,"href":"https:\/\/www.farnostrana.cz\/index.php?rest_route=%2Fwp%2Fv2%2Ftags&post=2438"}],"curies":[{"name":"wp","href":"https:\/\/api.w.org\/{rel}","templated":true}]}}