{"id":2420,"date":"2025-08-30T22:48:18","date_gmt":"2025-08-30T20:48:18","guid":{"rendered":"https:\/\/www.farnostrana.cz\/?p=2420"},"modified":"2025-08-30T22:48:23","modified_gmt":"2025-08-30T20:48:23","slug":"ohlasky-22-nedele-v-mezidobi-31-8-2025","status":"publish","type":"post","link":"https:\/\/www.farnostrana.cz\/?p=2420","title":{"rendered":"Ohl\u00e1\u0161ky \u2013 \u00a022. ned\u011ble v mezidob\u00ed 31. 8. 2025"},"content":{"rendered":"\n<p><\/p>\n\n\n\n<ul class=\"wp-block-list\">\n<li><strong>M\u0161e sv.:<\/strong>\u00a0\u00a0v p\u00e1tek v 18 h s adorac\u00ed, v ned\u011bli v 8 h Holet\u00edn a v 9:30 h slavnost V\u00fdro\u010d\u00ed\u00a0posv\u011bcen\u00ed kostela sv. Jakuba v Ran\u00e9.<\/li>\n\n\n\n<li><strong>Z\u00e1pis jedn\u00e1n\u00ed Pastora\u010dn\u00ed rady farnosti\u00a0<\/strong>je na v\u00fdv\u011bsce. Hlavn\u00ed body: p\u0159\u00edprava plesu a\u00a0n\u011bkolik aktualit.<\/li>\n\n\n\n<li><strong>Komunitn\u00ed centrum P.F.X.Mimry:<\/strong>\u00a0p\u0159ipravujeme dal\u0161\u00ed akce.<\/li>\n\n\n\n<li><strong>P\u0159ihl\u00e1\u0161ky na n\u00e1bo\u017eenstv\u00ed\u00a0<\/strong>pro dal\u0161\u00ed \u0161koln\u00ed rok jsou k dispozici v kostele i ke sta\u017een\u00ed\u00a0na farn\u00edm webu. V\u00fduka za\u010dne od 11. z\u00e1\u0159\u00ed.<\/li>\n\n\n\n<li><strong>J\u00e1hensk\u00e9 sv\u011bcen\u00ed Tom\u00e1\u0161e Mou\u010dky<\/strong>\u00a06. z\u00e1\u0159\u00ed v 10 h v Kameni\u010dk\u00e1ch.<\/li>\n\n\n\n<li><strong>Instalace\u00a0<\/strong>nov\u00e9ho evangelick\u00e9ho far\u00e1\u0159e Ji\u0159\u00edho Orta bude v Kroun\u011b 14.9. ve 14 h.<\/li>\n\n\n\n<li><strong>Katolick\u00fd t\u00fdden\u00edk:<\/strong>\u00a0Kr\u00e1lovna m\u00edru; T\u00e9ma: Kn\u011b\u017e\u00ed liter\u00e1ti; Perspektivy: Prom\u011bna sv\u011bta\u00a0za\u010d\u00edn\u00e1 v srdci; rozhovor s verbistou P. Tom\u00e1\u0161em Cerbocem SVD; Doma:\u00a0Dvoukari\u00e9rov\u00e1 rodina<\/li>\n<\/ul>\n\n\n\n<hr class=\"wp-block-separator has-alpha-channel-opacity\"\/>\n","protected":false},"excerpt":{"rendered":"","protected":false},"author":1,"featured_media":0,"comment_status":"closed","ping_status":"open","sticky":false,"template":"","format":"standard","meta":{"_monsterinsights_skip_tracking":false,"_monsterinsights_sitenote_active":false,"_monsterinsights_sitenote_note":"","_monsterinsights_sitenote_category":0,"footnotes":""},"categories":[3],"tags":[],"class_list":["post-2420","post","type-post","status-publish","format-standard","hentry","category-ohlasky"],"_links":{"self":[{"href":"https:\/\/www.farnostrana.cz\/index.php?rest_route=\/wp\/v2\/posts\/2420","targetHints":{"allow":["GET"]}}],"collection":[{"href":"https:\/\/www.farnostrana.cz\/index.php?rest_route=\/wp\/v2\/posts"}],"about":[{"href":"https:\/\/www.farnostrana.cz\/index.php?rest_route=\/wp\/v2\/types\/post"}],"author":[{"embeddable":true,"href":"https:\/\/www.farnostrana.cz\/index.php?rest_route=\/wp\/v2\/users\/1"}],"replies":[{"embeddable":true,"href":"https:\/\/www.farnostrana.cz\/index.php?rest_route=%2Fwp%2Fv2%2Fcomments&post=2420"}],"version-history":[{"count":1,"href":"https:\/\/www.farnostrana.cz\/index.php?rest_route=\/wp\/v2\/posts\/2420\/revisions"}],"predecessor-version":[{"id":2421,"href":"https:\/\/www.farnostrana.cz\/index.php?rest_route=\/wp\/v2\/posts\/2420\/revisions\/2421"}],"wp:attachment":[{"href":"https:\/\/www.farnostrana.cz\/index.php?rest_route=%2Fwp%2Fv2%2Fmedia&parent=2420"}],"wp:term":[{"taxonomy":"category","embeddable":true,"href":"https:\/\/www.farnostrana.cz\/index.php?rest_route=%2Fwp%2Fv2%2Fcategories&post=2420"},{"taxonomy":"post_tag","embeddable":true,"href":"https:\/\/www.farnostrana.cz\/index.php?rest_route=%2Fwp%2Fv2%2Ftags&post=2420"}],"curies":[{"name":"wp","href":"https:\/\/api.w.org\/{rel}","templated":true}]}}