{"id":2416,"date":"2025-08-23T21:53:05","date_gmt":"2025-08-23T19:53:05","guid":{"rendered":"https:\/\/www.farnostrana.cz\/?p=2416"},"modified":"2025-08-23T21:53:09","modified_gmt":"2025-08-23T19:53:09","slug":"ohlasky-21-nedele-v-mezidobi-24-8-2025","status":"publish","type":"post","link":"https:\/\/www.farnostrana.cz\/?p=2416","title":{"rendered":"Ohl\u00e1\u0161ky \u2013 \u00a021. ned\u011ble v mezidob\u00ed 24. 8. 2025"},"content":{"rendered":"\n<p><\/p>\n\n\n\n<ul class=\"wp-block-list\">\n<li><strong>M\u0161e sv.:<\/strong>\u00a0\u00a0\n<ul class=\"wp-block-list\">\n<li>v p\u00e1tek v 18 h, <\/li>\n\n\n\n<li>v ned\u011bli v 9:30 h s \u017eehn\u00e1n\u00edm \u0161kol\u00e1k\u016fm.<\/li>\n<\/ul>\n<\/li>\n\n\n\n<li><strong>Pastora\u010dn\u00ed rada farnosti se sejde dnes v 19 h na fa\u0159e.<\/strong><\/li>\n\n\n\n<li><strong>Komunitn\u00ed centrum P.F.X.Mimry:<\/strong>\u00a0p\u0159ipravujeme dal\u0161\u00ed akce.<\/li>\n\n\n\n<li><strong>D\u011bkuji\u00a0<\/strong>vedouc\u00edm a v\u0161em za ministrantsk\u00fd v\u00fdlet na kol\u00e1ch kolem Chrudimky \u00a0<\/li>\n\n\n\n<li><strong>P\u0159ihl\u00e1\u0161ky na n\u00e1bo\u017eenstv\u00ed\u00a0<\/strong>pro dal\u0161\u00ed \u0161koln\u00ed rok jsou k dispozici v kostele i ke sta\u017een\u00ed\u00a0na farn\u00edm webu. V\u00fduka za\u010dne od 11. z\u00e1\u0159\u00ed.<\/li>\n\n\n\n<li><strong>J\u00e1hensk\u00e9 sv\u011bcen\u00ed Tom\u00e1\u0161e Mou\u010dky<\/strong>\u00a06. z\u00e1\u0159\u00ed v 10 h v Kameni\u010dk\u00e1ch.<\/li>\n\n\n\n<li><strong>Katolick\u00fd t\u00fdden\u00edk:<\/strong>\u00a0Absolventsk\u00fd Velehrad; T\u00e9ma: Kdy\u017e farnosti chyb\u00ed kn\u011bz;\u00a0Perspektivy: D\u00edvat se na sv\u011bt skrze Bo\u017e\u00ed l\u00e1sku; rozhovor se sopranistkou Drahoslavou\u00a0Dvo\u0159\u00e1kovou; Doma: Jazyk mlad\u00fdch.<\/li>\n<\/ul>\n\n\n\n<hr class=\"wp-block-separator has-alpha-channel-opacity\"\/>\n","protected":false},"excerpt":{"rendered":"","protected":false},"author":1,"featured_media":0,"comment_status":"closed","ping_status":"open","sticky":false,"template":"","format":"standard","meta":{"_monsterinsights_skip_tracking":false,"_monsterinsights_sitenote_active":false,"_monsterinsights_sitenote_note":"","_monsterinsights_sitenote_category":0,"footnotes":""},"categories":[3],"tags":[],"class_list":["post-2416","post","type-post","status-publish","format-standard","hentry","category-ohlasky"],"_links":{"self":[{"href":"https:\/\/www.farnostrana.cz\/index.php?rest_route=\/wp\/v2\/posts\/2416","targetHints":{"allow":["GET"]}}],"collection":[{"href":"https:\/\/www.farnostrana.cz\/index.php?rest_route=\/wp\/v2\/posts"}],"about":[{"href":"https:\/\/www.farnostrana.cz\/index.php?rest_route=\/wp\/v2\/types\/post"}],"author":[{"embeddable":true,"href":"https:\/\/www.farnostrana.cz\/index.php?rest_route=\/wp\/v2\/users\/1"}],"replies":[{"embeddable":true,"href":"https:\/\/www.farnostrana.cz\/index.php?rest_route=%2Fwp%2Fv2%2Fcomments&post=2416"}],"version-history":[{"count":1,"href":"https:\/\/www.farnostrana.cz\/index.php?rest_route=\/wp\/v2\/posts\/2416\/revisions"}],"predecessor-version":[{"id":2417,"href":"https:\/\/www.farnostrana.cz\/index.php?rest_route=\/wp\/v2\/posts\/2416\/revisions\/2417"}],"wp:attachment":[{"href":"https:\/\/www.farnostrana.cz\/index.php?rest_route=%2Fwp%2Fv2%2Fmedia&parent=2416"}],"wp:term":[{"taxonomy":"category","embeddable":true,"href":"https:\/\/www.farnostrana.cz\/index.php?rest_route=%2Fwp%2Fv2%2Fcategories&post=2416"},{"taxonomy":"post_tag","embeddable":true,"href":"https:\/\/www.farnostrana.cz\/index.php?rest_route=%2Fwp%2Fv2%2Ftags&post=2416"}],"curies":[{"name":"wp","href":"https:\/\/api.w.org\/{rel}","templated":true}]}}