{"id":2414,"date":"2025-08-16T21:40:38","date_gmt":"2025-08-16T19:40:38","guid":{"rendered":"https:\/\/www.farnostrana.cz\/?p=2414"},"modified":"2025-08-16T21:40:44","modified_gmt":"2025-08-16T19:40:44","slug":"ohlasky-20-nedele-v-mezidobi-17-8-2025","status":"publish","type":"post","link":"https:\/\/www.farnostrana.cz\/?p=2414","title":{"rendered":"Ohl\u00e1\u0161ky \u2013 \u00a020. ned\u011ble v mezidob\u00ed 17. 8. 2025"},"content":{"rendered":"\n<p><\/p>\n\n\n\n<ul class=\"wp-block-list\">\n<li><strong>M\u0161e sv.:<\/strong>\u00a0\u00a0\n<ul class=\"wp-block-list\">\n<li>ve \u010dtvrtek poh\u0159eb ve 14 h +Jaroslava Slav\u00edkov\u00e1, <\/li>\n\n\n\n<li>v p\u00e1tek v 18 h, <\/li>\n\n\n\n<li>v ned\u011bli v\u00a09:30 h.<\/li>\n<\/ul>\n<\/li>\n\n\n\n<li><strong>Komunitn\u00ed centrum P.F.X.Mimry:<\/strong>\u00a0dal\u0161\u00ed akce.<\/li>\n\n\n\n<li><strong>D\u011bkuji\u00a0<\/strong>vedouc\u00edm a v\u0161em za p\u0159\u00edm\u011bstsk\u00fd tv\u016fr\u010d\u00ed t\u00e1bor.<strong>\u00a0<\/strong>N\u011bkter\u00e9 v\u00fdtvory si m\u016f\u017eete\u00a0prohl\u00e9dnout kolem kostela.\u00a0<strong>Ministranti na kol\u00e1ch<\/strong>\u00a0kolem Chrudimky 19. a 20.8.<\/li>\n\n\n\n<li><strong>Pastora\u010dn\u00ed rada farnosti se sejde p\u0159\u00ed\u0161t\u00ed ned\u011bli v 19 h na fa\u0159e.<\/strong><\/li>\n\n\n\n<li><strong>Obdr\u017eeli jsme vysv\u011bd\u010den\u00ed na\u0161\u00ed adoptivn\u00ed hol\u010di\u010dky na Haiti Corradie Sanon\u00a0<\/strong>spolu\u00a0s dopisem koordin\u00e1tora o situaci v zemi. Na v\u00fdv\u011bsce.<\/li>\n\n\n\n<li><strong>P\u0159ihl\u00e1\u0161ky na n\u00e1bo\u017eenstv\u00ed\u00a0<\/strong>pro dal\u0161\u00ed \u0161koln\u00ed rok jsou k dispozici v kostele i ke sta\u017een\u00ed\u00a0na farn\u00edm webu.<\/li>\n\n\n\n<li><strong>Sb\u00edrky:\u00a0<\/strong>dnes Tich\u00e1 sb\u00edrka na opravy.<\/li>\n\n\n\n<li><strong>J\u00e1hensk\u00e9 sv\u011bcen\u00ed Tom\u00e1\u0161e Mou\u010dky<\/strong>\u00a06. z\u00e1\u0159\u00ed v 10 h v Kameni\u010dk\u00e1ch.<\/li>\n\n\n\n<li><strong>Katolick\u00fd t\u00fdden\u00edk:<\/strong>\u00a0Varov\u00e1n\u00ed Hiro\u0161imy; T\u00e9ma: Salesi\u00e1nsk\u00e9 chaloupky; Perspektivy:\u00a0Kdo si koupil na\u0161i pozornost; rozhovor s architektem Markem \u0160t\u011bp\u00e1nem; Doma:\u00a0Pr\u00e1zdniny v kl\u00e1\u0161te\u0159e.<\/li>\n<\/ul>\n\n\n\n<hr class=\"wp-block-separator has-alpha-channel-opacity\"\/>\n","protected":false},"excerpt":{"rendered":"","protected":false},"author":1,"featured_media":0,"comment_status":"closed","ping_status":"open","sticky":false,"template":"","format":"standard","meta":{"_monsterinsights_skip_tracking":false,"_monsterinsights_sitenote_active":false,"_monsterinsights_sitenote_note":"","_monsterinsights_sitenote_category":0,"footnotes":""},"categories":[3],"tags":[],"class_list":["post-2414","post","type-post","status-publish","format-standard","hentry","category-ohlasky"],"_links":{"self":[{"href":"https:\/\/www.farnostrana.cz\/index.php?rest_route=\/wp\/v2\/posts\/2414","targetHints":{"allow":["GET"]}}],"collection":[{"href":"https:\/\/www.farnostrana.cz\/index.php?rest_route=\/wp\/v2\/posts"}],"about":[{"href":"https:\/\/www.farnostrana.cz\/index.php?rest_route=\/wp\/v2\/types\/post"}],"author":[{"embeddable":true,"href":"https:\/\/www.farnostrana.cz\/index.php?rest_route=\/wp\/v2\/users\/1"}],"replies":[{"embeddable":true,"href":"https:\/\/www.farnostrana.cz\/index.php?rest_route=%2Fwp%2Fv2%2Fcomments&post=2414"}],"version-history":[{"count":1,"href":"https:\/\/www.farnostrana.cz\/index.php?rest_route=\/wp\/v2\/posts\/2414\/revisions"}],"predecessor-version":[{"id":2415,"href":"https:\/\/www.farnostrana.cz\/index.php?rest_route=\/wp\/v2\/posts\/2414\/revisions\/2415"}],"wp:attachment":[{"href":"https:\/\/www.farnostrana.cz\/index.php?rest_route=%2Fwp%2Fv2%2Fmedia&parent=2414"}],"wp:term":[{"taxonomy":"category","embeddable":true,"href":"https:\/\/www.farnostrana.cz\/index.php?rest_route=%2Fwp%2Fv2%2Fcategories&post=2414"},{"taxonomy":"post_tag","embeddable":true,"href":"https:\/\/www.farnostrana.cz\/index.php?rest_route=%2Fwp%2Fv2%2Ftags&post=2414"}],"curies":[{"name":"wp","href":"https:\/\/api.w.org\/{rel}","templated":true}]}}