{"id":2412,"date":"2025-08-09T22:15:25","date_gmt":"2025-08-09T20:15:25","guid":{"rendered":"https:\/\/www.farnostrana.cz\/?p=2412"},"modified":"2025-08-09T22:16:00","modified_gmt":"2025-08-09T20:16:00","slug":"ohlasky-19-nedele-v-mezidobi-10-8-2025","status":"publish","type":"post","link":"https:\/\/www.farnostrana.cz\/?p=2412","title":{"rendered":"Ohl\u00e1\u0161ky \u2013 \u00a019. ned\u011ble v mezidob\u00ed 10. 8. 2025"},"content":{"rendered":"\n<p><\/p>\n\n\n\n<ul class=\"wp-block-list\">\n<li><strong>M\u0161e sv.:<\/strong>\u00a0\u00a0\n<ul class=\"wp-block-list\">\n<li>v p\u00e1tek v 18 h, <\/li>\n\n\n\n<li>v sobotu v 10 h v Holet\u00edn\u011b z\u00e1du\u0161n\u00ed za +Vladislava Vold\u00e1na,\u00a0<\/li>\n\n\n\n<li>v ned\u011bli v 9:30 h.<\/li>\n<\/ul>\n<\/li>\n\n\n\n<li><strong>Komunitn\u00ed centrum P.F.X.Mimry:<\/strong>\u00a0p\u0159ipravujeme t\u00e1bory a dal\u0161\u00ed akce.<\/li>\n\n\n\n<li><strong>D\u011bkuji je\u0161t\u011b d\u011btem z farn\u00edho t\u00e1bora\u00a0<\/strong>za vy\u010di\u0161t\u011bn\u00ed chodn\u00ed\u010dk\u016f kolem kostela.<\/li>\n\n\n\n<li><strong>P\u0159\u00edm\u011bstsk\u00fd tv\u016fr\u010d\u00ed t\u00e1bor 11. \u2013 15.8<\/strong>.\u00a0<\/li>\n\n\n\n<li><strong>Ministranti na kol\u00e1ch<\/strong>\u00a0kolem Chrudimky 19. a\u00a020.8., p\u0159ihl\u00e1\u0161ky v z\u00e1kristii.<\/li>\n\n\n\n<li><strong>P\u0159ihl\u00e1\u0161ky na n\u00e1bo\u017eenstv\u00ed\u00a0<\/strong>pro dal\u0161\u00ed \u0161koln\u00ed rok jsou k dispozici v kostele i ke sta\u017een\u00ed\u00a0na farn\u00edm webu.<\/li>\n\n\n\n<li><strong>Sb\u00edrky:\u00a0<\/strong>na pastoraci diec\u00e9ze jsme vybrali 3 957 K\u010d, na Charitu 6 623 K\u010d, Tich\u00e1 na\u00a0opravy 10 085 K\u010d a v Mr\u00e1kot\u00edn\u011b 1 910 K\u010d. P\u00e1n B\u016fh zapla\u0165! P\u0159\u00ed\u0161t\u00ed ned\u011bli op\u011bt Tich\u00e1\u00a0sb\u00edrka na opravy.<\/li>\n\n\n\n<li><strong>J\u00e1hensk\u00e9 sv\u011bcen\u00ed Tom\u00e1\u0161e Mou\u010dky<\/strong>\u00a06. z\u00e1\u0159\u00ed v 10 h v Kameni\u010dk\u00e1ch.<\/li>\n\n\n\n<li><strong>Katolick\u00fd t\u00fdden\u00edk:<\/strong>\u00a0Va\u0161e hlasy usly\u0161\u00ed a\u017e na konci sv\u011bta; T\u00e9ma: V l\u00e9t\u011b do kl\u00e1\u0161ter\u016f;\u00a0Perspektivy: Gruzie na k\u0159i\u017eovatce; rozhovor s rektorem univerzity Jaroslavem Demko;\u00a0Doma: Kdy\u017e na\u0161e d\u00edt\u011b trp\u00ed.<\/li>\n<\/ul>\n\n\n\n<hr class=\"wp-block-separator has-alpha-channel-opacity\"\/>\n","protected":false},"excerpt":{"rendered":"","protected":false},"author":1,"featured_media":0,"comment_status":"closed","ping_status":"open","sticky":false,"template":"","format":"standard","meta":{"_monsterinsights_skip_tracking":false,"_monsterinsights_sitenote_active":false,"_monsterinsights_sitenote_note":"","_monsterinsights_sitenote_category":0,"footnotes":""},"categories":[3],"tags":[],"class_list":["post-2412","post","type-post","status-publish","format-standard","hentry","category-ohlasky"],"_links":{"self":[{"href":"https:\/\/www.farnostrana.cz\/index.php?rest_route=\/wp\/v2\/posts\/2412","targetHints":{"allow":["GET"]}}],"collection":[{"href":"https:\/\/www.farnostrana.cz\/index.php?rest_route=\/wp\/v2\/posts"}],"about":[{"href":"https:\/\/www.farnostrana.cz\/index.php?rest_route=\/wp\/v2\/types\/post"}],"author":[{"embeddable":true,"href":"https:\/\/www.farnostrana.cz\/index.php?rest_route=\/wp\/v2\/users\/1"}],"replies":[{"embeddable":true,"href":"https:\/\/www.farnostrana.cz\/index.php?rest_route=%2Fwp%2Fv2%2Fcomments&post=2412"}],"version-history":[{"count":1,"href":"https:\/\/www.farnostrana.cz\/index.php?rest_route=\/wp\/v2\/posts\/2412\/revisions"}],"predecessor-version":[{"id":2413,"href":"https:\/\/www.farnostrana.cz\/index.php?rest_route=\/wp\/v2\/posts\/2412\/revisions\/2413"}],"wp:attachment":[{"href":"https:\/\/www.farnostrana.cz\/index.php?rest_route=%2Fwp%2Fv2%2Fmedia&parent=2412"}],"wp:term":[{"taxonomy":"category","embeddable":true,"href":"https:\/\/www.farnostrana.cz\/index.php?rest_route=%2Fwp%2Fv2%2Fcategories&post=2412"},{"taxonomy":"post_tag","embeddable":true,"href":"https:\/\/www.farnostrana.cz\/index.php?rest_route=%2Fwp%2Fv2%2Ftags&post=2412"}],"curies":[{"name":"wp","href":"https:\/\/api.w.org\/{rel}","templated":true}]}}