{"id":240,"date":"2017-03-31T16:34:34","date_gmt":"2017-03-31T14:34:34","guid":{"rendered":"http:\/\/www.farnostrana.cz\/?p=240"},"modified":"2017-04-03T07:51:33","modified_gmt":"2017-04-03T05:51:33","slug":"ohlasky-na-5-nedeli-postni-2-4-2017","status":"publish","type":"post","link":"https:\/\/www.farnostrana.cz\/?p=240","title":{"rendered":"Ohl\u00e1\u0161ky na 5. ned\u011bli postn\u00ed 2. 4. 2017"},"content":{"rendered":"<p>\u2022 Po m\u0161i sv. p\u0159ed kostelem Misijn\u00ed kol\u00e1\u010d.<br \/>\n\u2022 Dnes za\u010d\u00edn\u00e1 t\u00fdden modliteb za ml\u00e1de\u017e.<br \/>\n\u2022 Dnes vych\u00e1z\u00ed Zpravodaj farnosti \u2013 k dispozici v kostele.<br \/>\n\u2022 Ve st\u0159edu 5.4. od 20 do 21 h adorace v kostele.<br \/>\n\u2022 Zpov\u00edd\u00e1n\u00ed p\u0159ed velikonocemi bude v p\u00e1tek 7.4. od 15 h. Budou 3 zpov\u011bdn\u00edci.<br \/>\n\u2022 V p\u00e1tek po m\u0161i adorace s litaniemi.<br \/>\n\u2022 V sobotu 8.4. jedou mlad\u00ed na Diec\u00e9zn\u00ed setk\u00e1n\u00ed ml\u00e1de\u017ee do Hradce. Autobus zastavuje na Ran\u00e9 u kostela v 6:55 h.<br \/>\n\u2022 P\u0159\u00ed\u0161t\u00ed ned\u011bli 9.4. bude sb\u00edrka na pokryt\u00ed n\u00e1klad\u016f oslav Fatimy (oslavy v \u010cR, p\u0159enos TV z Portugalska ad.).<br \/>\n\u2022 Bohoslu\u017eby o velikonoc\u00edch \u2013 viz tabulka.<br \/>\n\u2022 Na Velk\u00fd p\u00e1tek vyu\u017eijeme voln\u00e9ho dne a pomodl\u00edme se K\u0159\u00ed\u017eovou cestu venku: sraz u kostela v 15 h, p\u016fjdeme se zast\u00e1vkami do Vojt\u011bchova ke k\u0159\u00ed\u017eku.<br \/>\n\u2022 Na B\u00edlou sobotu adorace u Bo\u017e\u00edho hrobu od 9 do 15 h.: pi\u0161te se do slu\u017eeb na pap\u00edr. Po no\u010dn\u00ed Vigilii bude ob\u010derstven\u00ed na fa\u0159e.<br \/>\n\u2022 Spole\u010dn\u00e9 ud\u00edlen\u00ed sv\u00e1tosti pomaz\u00e1n\u00ed nemocn\u00fdch bude o 2. ned\u011bli velikono\u010dn\u00ed 23.4.<br \/>\n\u2022 Na Farn\u00ed pou\u0165 na Host\u00fdn 20. 5. je autobus ji\u017e napln\u011bn. Pokud budou dal\u0161\u00ed z\u00e1jemci, objedn\u00e1me druh\u00fd. Program: M\u0161e sv. v bazilice, mo\u017enost ob\u010derstven\u00ed, vych\u00e1zky, rozhledna, k\u0159\u00ed\u017eov\u00e1 cesta. Odpoledne nav\u0161t\u00edv\u00edme z\u00e1mek \u010cechy pod Kos\u00ed\u0159em. Ozna\u010dte na p\u0159ihla\u0161ovac\u00edm pap\u00edru 1 ze 3 mo\u017enost\u00ed: reprezentativn\u00ed prostory (A), prohl\u00eddka parku s rozhlednou s pr\u016fvodcem (B), nebo volno s mo\u017enost\u00ed n\u00e1v\u0161t\u011bvy muzea J\u00e1ry Cimrmana (C). Prohl\u00eddky A+B budou objedn\u00e1ny dle z\u00e1jmu. Cena pout\u011b asi 350K\u010d dosp\u011bl\u00ed, d\u011bti polovinu. Autobus vyjede a\u017e nahoru na Host\u00fdn, v\u0161e d\u016fle\u017eit\u00e9 je bezbari\u00e9rov\u00e9.<br \/>\n\u2022 O \u010dem p\u00ed\u0161e Katolick\u00fd t\u00fdden\u00edk: report\u00e1\u017ee a z poh\u0159bu kardin\u00e1la Vlka; vzpom\u00ednka na P. Mandla; Eucharistick\u00e1 \u00facta v muzeu; pape\u017e Franti\u0161ek v Mil\u00e1n\u011b<\/p>\n<p style=\"text-align: center;\"><strong>Velikono\u010dn\u00ed bohoslu\u017eby a ob\u0159ady:<\/strong><\/p>\n<table>\n<tbody>\n<tr>\n<td width=\"54\"><strong>Den<\/strong><\/td>\n<td width=\"123\"><strong>13. 4.<br \/>\nZelen\u00fd \u010dtvrtek\u00a0<\/strong><\/td>\n<td width=\"132\"><strong>14. 4.<br \/>\nVelk\u00fd p\u00e1tek\u00a0<\/strong><\/td>\n<td width=\"113\"><strong>15. 4.<br \/>\nB\u00edl\u00e1 sobota\u00a0<\/strong><\/td>\n<td width=\"123\"><strong>16. 4.<br \/>\nNed\u011ble vzk\u0159\u00ed\u0161en\u00ed<\/strong><\/td>\n<td width=\"119\"><strong>17. 4.<br \/>\nVelikono\u010dn\u00ed pond\u011bl\u00ed<\/strong><\/td>\n<\/tr>\n<tr>\n<td width=\"54\"><strong>\u010cas<\/strong><\/td>\n<td width=\"123\"><strong>18:00 m\u0161e sv.<\/strong><\/td>\n<td width=\"132\"><strong>15:00 k\u0159\u00ed\u017eov\u00e1 cesta<br \/>\n<\/strong><strong>18:00 ob\u0159ady<\/strong><\/td>\n<td width=\"113\"><strong>9:00-15:00 adorace<br \/>\n<\/strong><strong>20:00 Vigilie<\/strong><\/td>\n<td width=\"123\"><strong>9:30 m\u0161e sv.<\/strong><\/td>\n<td width=\"119\"><strong>8:00 m\u0161e sv.<\/strong><\/td>\n<\/tr>\n<\/tbody>\n<\/table>\n","protected":false},"excerpt":{"rendered":"<p>\u2022 Po m\u0161i sv. p\u0159ed kostelem Misijn\u00ed kol\u00e1\u010d. \u2022 Dnes za\u010d\u00edn\u00e1 t\u00fdden modliteb za ml\u00e1de\u017e. \u2022 Dnes vych\u00e1z\u00ed Zpravodaj farnosti \u2013 k dispozici v kostele. \u2022 Ve st\u0159edu 5.4. od 20 do 21 h adorace v kostele. \u2022 Zpov\u00edd\u00e1n\u00ed p\u0159ed <a class=\"more-link\" href=\"https:\/\/www.farnostrana.cz\/?p=240\">Cel\u00fd \u010dl\u00e1nek  <span class=\"screen-reader-text\">  Ohl\u00e1\u0161ky na 5. ned\u011bli postn\u00ed 2. 4. 2017<\/span><span class=\"meta-nav\">&rarr;<\/span><\/a><\/p>\n","protected":false},"author":1,"featured_media":0,"comment_status":"closed","ping_status":"open","sticky":false,"template":"","format":"standard","meta":{"_monsterinsights_skip_tracking":false,"_monsterinsights_sitenote_active":false,"_monsterinsights_sitenote_note":"","_monsterinsights_sitenote_category":0,"footnotes":""},"categories":[3],"tags":[],"class_list":["post-240","post","type-post","status-publish","format-standard","hentry","category-ohlasky"],"_links":{"self":[{"href":"https:\/\/www.farnostrana.cz\/index.php?rest_route=\/wp\/v2\/posts\/240","targetHints":{"allow":["GET"]}}],"collection":[{"href":"https:\/\/www.farnostrana.cz\/index.php?rest_route=\/wp\/v2\/posts"}],"about":[{"href":"https:\/\/www.farnostrana.cz\/index.php?rest_route=\/wp\/v2\/types\/post"}],"author":[{"embeddable":true,"href":"https:\/\/www.farnostrana.cz\/index.php?rest_route=\/wp\/v2\/users\/1"}],"replies":[{"embeddable":true,"href":"https:\/\/www.farnostrana.cz\/index.php?rest_route=%2Fwp%2Fv2%2Fcomments&post=240"}],"version-history":[{"count":6,"href":"https:\/\/www.farnostrana.cz\/index.php?rest_route=\/wp\/v2\/posts\/240\/revisions"}],"predecessor-version":[{"id":253,"href":"https:\/\/www.farnostrana.cz\/index.php?rest_route=\/wp\/v2\/posts\/240\/revisions\/253"}],"wp:attachment":[{"href":"https:\/\/www.farnostrana.cz\/index.php?rest_route=%2Fwp%2Fv2%2Fmedia&parent=240"}],"wp:term":[{"taxonomy":"category","embeddable":true,"href":"https:\/\/www.farnostrana.cz\/index.php?rest_route=%2Fwp%2Fv2%2Fcategories&post=240"},{"taxonomy":"post_tag","embeddable":true,"href":"https:\/\/www.farnostrana.cz\/index.php?rest_route=%2Fwp%2Fv2%2Ftags&post=240"}],"curies":[{"name":"wp","href":"https:\/\/api.w.org\/{rel}","templated":true}]}}