{"id":2397,"date":"2025-07-19T21:24:32","date_gmt":"2025-07-19T19:24:32","guid":{"rendered":"https:\/\/www.farnostrana.cz\/?p=2397"},"modified":"2025-07-19T21:24:41","modified_gmt":"2025-07-19T19:24:41","slug":"ohlasky-16-nedele-v-mezidobi-20-7-2025","status":"publish","type":"post","link":"https:\/\/www.farnostrana.cz\/?p=2397","title":{"rendered":"Ohl\u00e1\u0161ky \u2013&nbsp; 16. ned\u011ble v mezidob\u00ed 20. 7. 2025"},"content":{"rendered":"\n<p><\/p>\n\n\n\n<ul class=\"wp-block-list\">\n<li><strong>M\u0161e sv.:<\/strong>\u00a0\u00a0\n<ul class=\"wp-block-list\">\n<li>v p\u00e1tek v 18 h, <\/li>\n\n\n\n<li>v sobotu poutn\u00ed v Old\u0159etic\u00edch ve 14 h, <\/li>\n\n\n\n<li>v ned\u011bli poutn\u00ed\u00a0v 9:30 h Ran\u00e1.<\/li>\n<\/ul>\n<\/li>\n\n\n\n<li><strong>\u017dehn\u00e1n\u00ed k\u0159\u00ed\u017e\u016f<\/strong>\u00a0<strong>p\u0159\u00ed\u0161t\u00ed ned\u011bli<\/strong>\u00a0po m\u0161i svat\u00e9, tj. v 10:30 h, prob\u011bhne \u017eehn\u00e1n\u00ed opraven\u00e9ho\u00a0k\u0159\u00ed\u017ee na k\u0159i\u017eovatce v Ran\u00e9. N\u00e1sledn\u011b po\u017eehn\u00e1me i k\u0159\u00ed\u017e v Komunitn\u00edm centru\u00a0P.F.X.Mimry.<\/li>\n\n\n\n<li><strong>K\u0159tiny 20.7. v 11 h\u00a0<\/strong>Marek Pra\u017ean a Tom\u00e1\u0161 Balek.<\/li>\n\n\n\n<li><strong>Sb\u00edrky:\u00a0<\/strong>dnes Tich\u00e1 sb\u00edrka na opravy.<\/li>\n\n\n\n<li><strong>Komunitn\u00ed centrum P.F.X.Mimry:<\/strong>\u00a0p\u0159ipravujeme t\u00e1bory a dal\u0161\u00ed akce.<\/li>\n\n\n\n<li><strong>Farn\u00ed t\u00e1bor:<\/strong>\u00a0\n<ul class=\"wp-block-list\">\n<li><strong>od 27.7. do 2.8.<\/strong>\u00a0na Ran\u00e9.\u00a0<\/li>\n\n\n\n<li><strong>P\u0159\u00edm\u011bstsk\u00fd tv\u016fr\u010d\u00ed t\u00e1bor 11. \u2013 15.8<\/strong>. \u00a0<\/li>\n\n\n\n<li><strong>Ministranti na kol\u00e1ch<\/strong>\u00a0kolem Chrudimky 19. a 20.8.<\/li>\n<\/ul>\n<\/li>\n\n\n\n<li><strong>D\u011bkuji v\u0161em, kdo pomohli s instalac\u00ed oken a zru\u0161en\u00edm staveni\u0161t\u011b.<\/strong><\/li>\n\n\n\n<li><strong>J\u00e1hensk\u00e9 sv\u011bcen\u00ed Tom\u00e1\u0161e Mou\u010dky<\/strong>\u00a06. z\u00e1\u0159\u00ed v 10 h v Kameni\u010dk\u00e1ch.<\/li>\n\n\n\n<li><strong>Katolick\u00fd t\u00fdden\u00edk:<\/strong>\u00a0Kde dnes \u010derpat nad\u011bji; T\u00e9ma: Otev\u00edrat kostely; Perspektivy:\u00a0Hn\u011bv ve spole\u010dnosti a c\u00edrkev; rozhovor s hudebn\u00edkem V\u00e1clavem Dernerem; Doma:\u00a0Arteterapie.<\/li>\n<\/ul>\n","protected":false},"excerpt":{"rendered":"","protected":false},"author":1,"featured_media":0,"comment_status":"closed","ping_status":"open","sticky":false,"template":"","format":"standard","meta":{"_monsterinsights_skip_tracking":false,"_monsterinsights_sitenote_active":false,"_monsterinsights_sitenote_note":"","_monsterinsights_sitenote_category":0,"footnotes":""},"categories":[3],"tags":[],"class_list":["post-2397","post","type-post","status-publish","format-standard","hentry","category-ohlasky"],"_links":{"self":[{"href":"https:\/\/www.farnostrana.cz\/index.php?rest_route=\/wp\/v2\/posts\/2397","targetHints":{"allow":["GET"]}}],"collection":[{"href":"https:\/\/www.farnostrana.cz\/index.php?rest_route=\/wp\/v2\/posts"}],"about":[{"href":"https:\/\/www.farnostrana.cz\/index.php?rest_route=\/wp\/v2\/types\/post"}],"author":[{"embeddable":true,"href":"https:\/\/www.farnostrana.cz\/index.php?rest_route=\/wp\/v2\/users\/1"}],"replies":[{"embeddable":true,"href":"https:\/\/www.farnostrana.cz\/index.php?rest_route=%2Fwp%2Fv2%2Fcomments&post=2397"}],"version-history":[{"count":1,"href":"https:\/\/www.farnostrana.cz\/index.php?rest_route=\/wp\/v2\/posts\/2397\/revisions"}],"predecessor-version":[{"id":2398,"href":"https:\/\/www.farnostrana.cz\/index.php?rest_route=\/wp\/v2\/posts\/2397\/revisions\/2398"}],"wp:attachment":[{"href":"https:\/\/www.farnostrana.cz\/index.php?rest_route=%2Fwp%2Fv2%2Fmedia&parent=2397"}],"wp:term":[{"taxonomy":"category","embeddable":true,"href":"https:\/\/www.farnostrana.cz\/index.php?rest_route=%2Fwp%2Fv2%2Fcategories&post=2397"},{"taxonomy":"post_tag","embeddable":true,"href":"https:\/\/www.farnostrana.cz\/index.php?rest_route=%2Fwp%2Fv2%2Ftags&post=2397"}],"curies":[{"name":"wp","href":"https:\/\/api.w.org\/{rel}","templated":true}]}}