{"id":2393,"date":"2025-07-05T15:41:03","date_gmt":"2025-07-05T13:41:03","guid":{"rendered":"https:\/\/www.farnostrana.cz\/?p=2393"},"modified":"2025-07-05T15:41:11","modified_gmt":"2025-07-05T13:41:11","slug":"ohlasky-14-nedele-v-mezidobi-5-7-2025","status":"publish","type":"post","link":"https:\/\/www.farnostrana.cz\/?p=2393","title":{"rendered":"Ohl\u00e1\u0161ky \u2013 14. ned\u011ble v mezidob\u00ed 5. 7. 2025"},"content":{"rendered":"\n<p><\/p>\n\n\n\n<ul class=\"wp-block-list\">\n<li>\u00b7\u00a0<strong>M\u0161e sv.:<\/strong>\u00a0\u00a0\n<ul class=\"wp-block-list\">\n<li>v p\u00e1tek 11.7. <strong>nebude<\/strong>, <\/li>\n\n\n\n<li>a\u017e v ned\u011bli 13.7. v 9:30 h <\/li>\n\n\n\n<li>a dal\u0161\u00ed p\u00e1tek v 18 h <\/li>\n\n\n\n<li>a\u00a0v ned\u011bli v 9:30 h.<\/li>\n<\/ul>\n<\/li>\n\n\n\n<li><strong>K\u0159tiny 20.7. v 11 h\u00a0<\/strong>Marek Pra\u017ean a Tom\u00e1\u0161 Balek.<\/li>\n\n\n\n<li><strong>Sb\u00edrky:\u00a0<\/strong>p\u0159\u00ed\u0161t\u00ed ned\u011bli na pastoraci diec\u00e9ze a 20.7. Tich\u00e1 sb\u00edrka na opravy.<\/li>\n\n\n\n<li><strong>Komunitn\u00ed centrum P.F.X.Mimry:<\/strong>\u00a0p\u0159ipravujeme t\u00e1bory a dal\u0161\u00ed akce.<\/li>\n\n\n\n<li><strong>Farn\u00ed t\u00e1bor:<\/strong>\u00a0<strong>od 27.7. do 2.8.<\/strong>\u00a0na Ran\u00e9.\u00a0<strong>P\u0159\u00edm\u011bstsk\u00fd tv\u016fr\u010d\u00ed t\u00e1bor 11. \u2013 15.8<\/strong>. \u00a0<strong>Ministranti na kol\u00e1ch<\/strong>\u00a0kolem Chrudimky 19. a 20.8.<\/li>\n\n\n\n<li><strong>Dopln\u011bn\u00ed 2 oken do Komunitn\u00edho centra P.<\/strong>F.X.Mimry prob\u011bhlo za cenu materi\u00e1lu\u00a0v cen\u011b 13 300 K\u010d. Sponzorsky prob\u011bhne\u00a0<strong>je\u0161t\u011b instalace \u017ealuzi\u00ed<\/strong>. P\u00e1n B\u016fh zapla\u0165! D\u00e1l\u00a0<strong>prob\u00edh\u00e1 oprava plotu<\/strong>\u00a0p\u0159ed farou.<\/li>\n\n\n\n<li>Od 7. do 18.7. m\u00e1m dovolenou. Zastupuje Mons. Josef Posp\u00ed\u0161il.<\/li>\n\n\n\n<li><strong>Katolick\u00fd t\u00fdden\u00edk dvoj\u010d\u00edslo:<\/strong>\u00a0M\u011bli by p\u0159ij\u00edt znovu; T\u00e9ma: Televizn\u00ed p\u0159enosy;\u00a0Perspektivy: Co je nad\u011bj\u00ed k\u0159es\u0165ana; rozhovor s hudebn\u00edm skladatelem Pavlem\u00a0Zemkem Nov\u00e1kem; Doma: S\u00e1zava s d\u011btmi. Letn\u00ed p\u0159\u00edloha.<\/li>\n<\/ul>\n","protected":false},"excerpt":{"rendered":"","protected":false},"author":1,"featured_media":0,"comment_status":"closed","ping_status":"open","sticky":false,"template":"","format":"standard","meta":{"_monsterinsights_skip_tracking":false,"_monsterinsights_sitenote_active":false,"_monsterinsights_sitenote_note":"","_monsterinsights_sitenote_category":0,"footnotes":""},"categories":[3],"tags":[],"class_list":["post-2393","post","type-post","status-publish","format-standard","hentry","category-ohlasky"],"_links":{"self":[{"href":"https:\/\/www.farnostrana.cz\/index.php?rest_route=\/wp\/v2\/posts\/2393","targetHints":{"allow":["GET"]}}],"collection":[{"href":"https:\/\/www.farnostrana.cz\/index.php?rest_route=\/wp\/v2\/posts"}],"about":[{"href":"https:\/\/www.farnostrana.cz\/index.php?rest_route=\/wp\/v2\/types\/post"}],"author":[{"embeddable":true,"href":"https:\/\/www.farnostrana.cz\/index.php?rest_route=\/wp\/v2\/users\/1"}],"replies":[{"embeddable":true,"href":"https:\/\/www.farnostrana.cz\/index.php?rest_route=%2Fwp%2Fv2%2Fcomments&post=2393"}],"version-history":[{"count":1,"href":"https:\/\/www.farnostrana.cz\/index.php?rest_route=\/wp\/v2\/posts\/2393\/revisions"}],"predecessor-version":[{"id":2394,"href":"https:\/\/www.farnostrana.cz\/index.php?rest_route=\/wp\/v2\/posts\/2393\/revisions\/2394"}],"wp:attachment":[{"href":"https:\/\/www.farnostrana.cz\/index.php?rest_route=%2Fwp%2Fv2%2Fmedia&parent=2393"}],"wp:term":[{"taxonomy":"category","embeddable":true,"href":"https:\/\/www.farnostrana.cz\/index.php?rest_route=%2Fwp%2Fv2%2Fcategories&post=2393"},{"taxonomy":"post_tag","embeddable":true,"href":"https:\/\/www.farnostrana.cz\/index.php?rest_route=%2Fwp%2Fv2%2Ftags&post=2393"}],"curies":[{"name":"wp","href":"https:\/\/api.w.org\/{rel}","templated":true}]}}