{"id":2391,"date":"2025-06-28T22:19:23","date_gmt":"2025-06-28T20:19:23","guid":{"rendered":"https:\/\/www.farnostrana.cz\/?p=2391"},"modified":"2025-06-28T22:19:23","modified_gmt":"2025-06-28T20:19:23","slug":"rozpis-lektoru-na-cervenec-srpen-2025","status":"publish","type":"post","link":"https:\/\/www.farnostrana.cz\/?p=2391","title":{"rendered":"Rozpis lektor\u016f na \u010dervenec &#8211; srpen 2025"},"content":{"rendered":"\n<p><\/p>\n\n\n\n<figure class=\"wp-block-table\"><table class=\"has-fixed-layout\"><tbody><tr><td>&nbsp;<\/td><td><strong>1. \u010dten\u00ed<\/strong><strong><\/strong><\/td><td><strong>2. \u010dten\u00ed<\/strong><strong><\/strong><\/td><\/tr><tr><td><strong>6. 7.<\/strong> 14. ned\u011ble v mezidob\u00ed<\/td><td>P. Sodomkov\u00e1<\/td><td>J. Duche\u010dkov\u00e1<\/td><\/tr><tr><td><strong>13. 7.<\/strong> 15. ned\u011ble v mezidob\u00ed<\/td><td>M. Jehli\u010dkov\u00e1<\/td><td>L. Va\u0148\u00e1\u010d<\/td><\/tr><tr><td><strong>20. 7.<\/strong> 16. ned\u011ble v mezidob\u00ed<\/td><td>V. Pavli\u0161 ml.<\/td><td>P. Balek<\/td><\/tr><tr><td><strong>27. 7.<\/strong> poutn\u00ed m\u0161e sv. &#8211; sv. Jakuba<\/td><td>E. Bro\u017ekov\u00e1<\/td><td>M. Mou\u010dkov\u00e1<\/td><\/tr><tr><td><strong>3. 8.<\/strong> 18. ned\u011ble v mezidob\u00ed &nbsp;<\/td><td>J. Duche\u010dkov\u00e1<\/td><td>M. Jehli\u010dkov\u00e1<\/td><\/tr><tr><td><strong>10. 8.<\/strong> 19. ned\u011ble v mezidob\u00ed<\/td><td>L. Ad\u00e1mkov\u00e1<\/td><td>P. Balek<\/td><\/tr><tr><td><strong>17. 8.<\/strong> 20. ned\u011ble v mezidob\u00ed<\/td><td>J. Hladk\u00e1<\/td><td>L. Va\u0148\u00e1\u010d<\/td><\/tr><tr><td><strong>24. 8.<\/strong> 21. ned\u011ble v mezidob\u00ed<\/td><td>M. Mou\u010dkov\u00e1<\/td><td>M. Bro\u017eek<\/td><\/tr><tr><td><strong>31. 8.<\/strong> 22. ned\u011ble v mezidob\u00ed<\/td><td>P. Sodomkov\u00e1<\/td><td>H. Pavli\u0161ov\u00e1<\/td><\/tr><\/tbody><\/table><\/figure>\n\n\n\n<p>Dejte pros\u00edm min. 10 minut p\u0159ed za\u010d\u00e1tkem m\u0161e sv. v\u011bd\u011bt, \u017ee budete \u010d\u00edst! Nebudete-li moci \u010d\u00edst, domluvte si pros\u00edm za sebe n\u00e1hradu!<\/p>\n","protected":false},"excerpt":{"rendered":"<p>&nbsp; 1. \u010dten\u00ed 2. \u010dten\u00ed 6. 7. 14. ned\u011ble v mezidob\u00ed P. Sodomkov\u00e1 J. Duche\u010dkov\u00e1 13. 7. 15. ned\u011ble v mezidob\u00ed M. Jehli\u010dkov\u00e1 L. Va\u0148\u00e1\u010d 20. 7. 16. ned\u011ble v mezidob\u00ed V. Pavli\u0161 ml. P. Balek 27. 7. poutn\u00ed m\u0161e <a class=\"more-link\" href=\"https:\/\/www.farnostrana.cz\/?p=2391\">Cel\u00fd \u010dl\u00e1nek  <span class=\"screen-reader-text\">  Rozpis lektor\u016f na \u010dervenec &#8211; srpen 2025<\/span><span class=\"meta-nav\">&rarr;<\/span><\/a><\/p>\n","protected":false},"author":1,"featured_media":0,"comment_status":"closed","ping_status":"open","sticky":false,"template":"","format":"standard","meta":{"_monsterinsights_skip_tracking":false,"_monsterinsights_sitenote_active":false,"_monsterinsights_sitenote_note":"","_monsterinsights_sitenote_category":0,"footnotes":""},"categories":[3],"tags":[],"class_list":["post-2391","post","type-post","status-publish","format-standard","hentry","category-ohlasky"],"_links":{"self":[{"href":"https:\/\/www.farnostrana.cz\/index.php?rest_route=\/wp\/v2\/posts\/2391","targetHints":{"allow":["GET"]}}],"collection":[{"href":"https:\/\/www.farnostrana.cz\/index.php?rest_route=\/wp\/v2\/posts"}],"about":[{"href":"https:\/\/www.farnostrana.cz\/index.php?rest_route=\/wp\/v2\/types\/post"}],"author":[{"embeddable":true,"href":"https:\/\/www.farnostrana.cz\/index.php?rest_route=\/wp\/v2\/users\/1"}],"replies":[{"embeddable":true,"href":"https:\/\/www.farnostrana.cz\/index.php?rest_route=%2Fwp%2Fv2%2Fcomments&post=2391"}],"version-history":[{"count":1,"href":"https:\/\/www.farnostrana.cz\/index.php?rest_route=\/wp\/v2\/posts\/2391\/revisions"}],"predecessor-version":[{"id":2392,"href":"https:\/\/www.farnostrana.cz\/index.php?rest_route=\/wp\/v2\/posts\/2391\/revisions\/2392"}],"wp:attachment":[{"href":"https:\/\/www.farnostrana.cz\/index.php?rest_route=%2Fwp%2Fv2%2Fmedia&parent=2391"}],"wp:term":[{"taxonomy":"category","embeddable":true,"href":"https:\/\/www.farnostrana.cz\/index.php?rest_route=%2Fwp%2Fv2%2Fcategories&post=2391"},{"taxonomy":"post_tag","embeddable":true,"href":"https:\/\/www.farnostrana.cz\/index.php?rest_route=%2Fwp%2Fv2%2Ftags&post=2391"}],"curies":[{"name":"wp","href":"https:\/\/api.w.org\/{rel}","templated":true}]}}