{"id":2389,"date":"2025-06-28T22:18:18","date_gmt":"2025-06-28T20:18:18","guid":{"rendered":"https:\/\/www.farnostrana.cz\/?p=2389"},"modified":"2025-06-28T22:18:18","modified_gmt":"2025-06-28T20:18:18","slug":"ohlasky-slavnost-sv-petra-a-pavla-a-poutni-slavnost-sv-jana-krtitele-v-holetine-28-6-2025","status":"publish","type":"post","link":"https:\/\/www.farnostrana.cz\/?p=2389","title":{"rendered":"Ohl\u00e1\u0161ky \u2013 slavnost sv. Petra a Pavla a poutn\u00ed slavnost sv. Jana K\u0159titele v\u00a0Holet\u00edn\u011b, 28. 6. 2025"},"content":{"rendered":"\n<ul class=\"wp-block-list\">\n<li><strong>M\u0161e sv.:<\/strong> \u00a0\n<ul class=\"wp-block-list\">\n<li>v p\u00e1tek v\u00a018h s\u00a0adorac\u00ed, <\/li>\n\n\n\n<li>v\u00a0sobotu v\u00a09:30 h pou\u0165 v\u00a0Mr\u00e1kot\u00edn\u011b, <\/li>\n\n\n\n<li>v\u00a0ned\u011bli\n<ul class=\"wp-block-list\">\n<li>v 8 h v\u00a0Holet\u00edn\u011b a <\/li>\n\n\n\n<li>v 9:30 h Ran\u00e1.<\/li>\n<\/ul>\n<\/li>\n<\/ul>\n<\/li>\n\n\n\n<li><strong>Sb\u00edrky: <\/strong>na Charitu. P\u0159i Tich\u00e9 sb\u00edrce na opravy jsme vybrali 8\u00a0531 K\u010d.<\/li>\n\n\n\n<li><strong>Komunitn\u00ed centrum P.F.X.Mimry:<\/strong> p\u0159ipravujeme t\u00e1bory a dal\u0161\u00ed akce.<\/li>\n\n\n\n<li><strong>Farn\u00ed t\u00e1bor:<\/strong> <strong>od 27.7. do 2.8.<\/strong> na Ran\u00e9. <strong>P\u0159ihl\u00e1\u0161ky<\/strong> na stole\u010dku nebo na webu farnosti.<\/li>\n\n\n\n<li><strong>P\u0159\u00edm\u011bstsk\u00fd tv\u016fr\u010d\u00ed t\u00e1bor 11. \u2013 15.8<\/strong>. Plak\u00e1tky a p\u0159ihl\u00e1\u0161ky na stole\u010dku a na webu farnosti.<\/li>\n\n\n\n<li><strong>Ministranti na kol\u00e1ch<\/strong> kolem Chrudimky 19. a 20.8.<\/li>\n\n\n\n<li><strong>Do dal\u0161\u00edho \u010dtvrtka<\/strong> se \u00fa\u010dastn\u00edm s\u00a0d\u011btmi Loutk\u00e1\u0159sk\u00e9 Chrudimi. Zastupuje Mons. Josef Posp\u00ed\u0161il.<\/li>\n\n\n\n<li><strong>Katolick\u00fd t\u00fdden\u00edk dvoj\u010d\u00edslo:<\/strong>\u00a0M\u011bli by p\u0159ij\u00edt znovu; T\u00e9ma: Televizn\u00ed p\u0159enosy; Perspektivy: Co je nad\u011bj\u00ed k\u0159es\u0165ana; rozhovor s\u00a0hudebn\u00edm skladatelem Pavlem Zemkem Nov\u00e1kem; Doma: S\u00e1zava s\u00a0d\u011btmi. Letn\u00ed p\u0159\u00edloha.<\/li>\n<\/ul>\n","protected":false},"excerpt":{"rendered":"","protected":false},"author":1,"featured_media":0,"comment_status":"closed","ping_status":"open","sticky":false,"template":"","format":"standard","meta":{"_monsterinsights_skip_tracking":false,"_monsterinsights_sitenote_active":false,"_monsterinsights_sitenote_note":"","_monsterinsights_sitenote_category":0,"footnotes":""},"categories":[3],"tags":[],"class_list":["post-2389","post","type-post","status-publish","format-standard","hentry","category-ohlasky"],"_links":{"self":[{"href":"https:\/\/www.farnostrana.cz\/index.php?rest_route=\/wp\/v2\/posts\/2389","targetHints":{"allow":["GET"]}}],"collection":[{"href":"https:\/\/www.farnostrana.cz\/index.php?rest_route=\/wp\/v2\/posts"}],"about":[{"href":"https:\/\/www.farnostrana.cz\/index.php?rest_route=\/wp\/v2\/types\/post"}],"author":[{"embeddable":true,"href":"https:\/\/www.farnostrana.cz\/index.php?rest_route=\/wp\/v2\/users\/1"}],"replies":[{"embeddable":true,"href":"https:\/\/www.farnostrana.cz\/index.php?rest_route=%2Fwp%2Fv2%2Fcomments&post=2389"}],"version-history":[{"count":1,"href":"https:\/\/www.farnostrana.cz\/index.php?rest_route=\/wp\/v2\/posts\/2389\/revisions"}],"predecessor-version":[{"id":2390,"href":"https:\/\/www.farnostrana.cz\/index.php?rest_route=\/wp\/v2\/posts\/2389\/revisions\/2390"}],"wp:attachment":[{"href":"https:\/\/www.farnostrana.cz\/index.php?rest_route=%2Fwp%2Fv2%2Fmedia&parent=2389"}],"wp:term":[{"taxonomy":"category","embeddable":true,"href":"https:\/\/www.farnostrana.cz\/index.php?rest_route=%2Fwp%2Fv2%2Fcategories&post=2389"},{"taxonomy":"post_tag","embeddable":true,"href":"https:\/\/www.farnostrana.cz\/index.php?rest_route=%2Fwp%2Fv2%2Ftags&post=2389"}],"curies":[{"name":"wp","href":"https:\/\/api.w.org\/{rel}","templated":true}]}}