{"id":2359,"date":"2025-05-17T22:55:17","date_gmt":"2025-05-17T20:55:17","guid":{"rendered":"https:\/\/www.farnostrana.cz\/?p=2359"},"modified":"2025-05-17T22:55:45","modified_gmt":"2025-05-17T20:55:45","slug":"ohlasky-5-nedele-velikonocni-18-5-2025","status":"publish","type":"post","link":"https:\/\/www.farnostrana.cz\/?p=2359","title":{"rendered":"Ohl\u00e1\u0161ky \u2013 5. ned\u011ble velikono\u010dn\u00ed 18. 5. 2025"},"content":{"rendered":"\n<p><\/p>\n\n\n\n<ul class=\"wp-block-list\">\n<li><strong>M\u0161e sv.:<\/strong>\u00a0\n<ul class=\"wp-block-list\">\n<li>p\u00e1tek v 18 h s m\u00e1jovou, <\/li>\n\n\n\n<li>v ned\u011bli v 9:30 h.<\/li>\n<\/ul>\n<\/li>\n\n\n\n<li><strong>M\u00e1jov\u00e9 pobo\u017enosti<\/strong>\u00a0v p\u00e1tek po m\u0161i sv. a v Old\u0159etic\u00edch \u010dtvrtek a ned\u011ble v 18 h.<\/li>\n\n\n\n<li><strong>Sb\u00edrky:\u00a0<\/strong>dnes Tich\u00e1 na opravy.<\/li>\n\n\n\n<li><strong>NOC kostel\u016f\u00a0<\/strong>v p\u00e1tek 23.5. Krom\u011b obvykl\u00e9ho programu se budou prom\u00edtat nejlep\u0161\u00ed\u00a0videa Loutkov\u00fdch k\u00e1z\u00e1n\u00ed, prezentace o pp. Lvu XIV. a d\u011bti vystav\u00ed sv\u00e1 Velikono\u010dn\u00ed\u00a0panoramata. Plak\u00e1tky k vyv\u011b\u0161en\u00ed si m\u016f\u017eete vz\u00edt na stole\u010dku. Pozv\u011bte sv\u00e9 zn\u00e1m\u00e9!<\/li>\n\n\n\n<li><strong>Komunitn\u00ed centrum P.F.X.Mimry: V\u00fdstava zn\u00e1mek z cel\u00e9ho sv\u011bta.\u00a0<\/strong>Vernis\u00e1\u017e\u00a0v p\u00e1tek v 17 h. Otev\u0159eno v sobotu a ned\u011bli od 10 do 17 h a\u017e do 1.6.<\/li>\n\n\n\n<li><strong>Farn\u00ed t\u00e1bor \u2013 zm\u011bna term\u00ednu:<\/strong>\u00a0<strong>od 27.7. do 2.8.<\/strong>\u00a0na Ran\u00e9.\u00a0<strong>P\u0159ihl\u00e1\u0161ky<\/strong>\u00a0na stole\u010dku nebo\u00a0na webu farnosti.\u00a0<strong>P\u0159\u00edm\u011bstsk\u00fd tv\u016fr\u010d\u00ed t\u00e1bor 11. \u2013 15.8<\/strong>. Plak\u00e1tky a p\u0159ihl\u00e1\u0161ky na\u00a0stole\u010dku a na webu farnosti.<\/li>\n\n\n\n<li><strong>Farn\u00ed pou\u0165 letos 7.6. do Broumova<\/strong>\u00a0se zast\u00e1vkou u Svat\u00e9 br\u00e1ny v Rokoli. Odjezd v 7\u00a0h od kostela, n\u00e1vrat v 19 h.\u00a0<strong>P\u0159ihla\u0161ov\u00e1n\u00ed na stole\u010dku v kostele<\/strong>\u00a0(uvedeny orienta\u010dn\u00ed\u00a0ceny za prohl\u00eddku a ob\u011bd). Cesta 400 K\u010d za osobu, d\u011bti polovinu.<\/li>\n\n\n\n<li><strong>Katolick\u00fd t\u00fdden\u00edk:<\/strong>\u00a0M\u00e1me nov\u00e9ho pape\u017ee; T\u00e9ma: Kdy\u017e m\u00e1ma vyho\u0159\u00ed; Perspektivy:\u00a0Revoluce usm\u00ed\u0159en\u00ed; rozhovor s arcibiskupem Jacquesem Mouradem Doma: Kv\u011bten\u00a0Zamilovan\u00e9 d\u00edt\u011b.<\/li>\n<\/ul>\n","protected":false},"excerpt":{"rendered":"","protected":false},"author":1,"featured_media":0,"comment_status":"closed","ping_status":"open","sticky":false,"template":"","format":"standard","meta":{"_monsterinsights_skip_tracking":false,"_monsterinsights_sitenote_active":false,"_monsterinsights_sitenote_note":"","_monsterinsights_sitenote_category":0,"footnotes":""},"categories":[3],"tags":[],"class_list":["post-2359","post","type-post","status-publish","format-standard","hentry","category-ohlasky"],"_links":{"self":[{"href":"https:\/\/www.farnostrana.cz\/index.php?rest_route=\/wp\/v2\/posts\/2359","targetHints":{"allow":["GET"]}}],"collection":[{"href":"https:\/\/www.farnostrana.cz\/index.php?rest_route=\/wp\/v2\/posts"}],"about":[{"href":"https:\/\/www.farnostrana.cz\/index.php?rest_route=\/wp\/v2\/types\/post"}],"author":[{"embeddable":true,"href":"https:\/\/www.farnostrana.cz\/index.php?rest_route=\/wp\/v2\/users\/1"}],"replies":[{"embeddable":true,"href":"https:\/\/www.farnostrana.cz\/index.php?rest_route=%2Fwp%2Fv2%2Fcomments&post=2359"}],"version-history":[{"count":1,"href":"https:\/\/www.farnostrana.cz\/index.php?rest_route=\/wp\/v2\/posts\/2359\/revisions"}],"predecessor-version":[{"id":2360,"href":"https:\/\/www.farnostrana.cz\/index.php?rest_route=\/wp\/v2\/posts\/2359\/revisions\/2360"}],"wp:attachment":[{"href":"https:\/\/www.farnostrana.cz\/index.php?rest_route=%2Fwp%2Fv2%2Fmedia&parent=2359"}],"wp:term":[{"taxonomy":"category","embeddable":true,"href":"https:\/\/www.farnostrana.cz\/index.php?rest_route=%2Fwp%2Fv2%2Fcategories&post=2359"},{"taxonomy":"post_tag","embeddable":true,"href":"https:\/\/www.farnostrana.cz\/index.php?rest_route=%2Fwp%2Fv2%2Ftags&post=2359"}],"curies":[{"name":"wp","href":"https:\/\/api.w.org\/{rel}","templated":true}]}}