{"id":2357,"date":"2025-05-10T22:17:45","date_gmt":"2025-05-10T20:17:45","guid":{"rendered":"https:\/\/www.farnostrana.cz\/?p=2357"},"modified":"2025-05-10T22:17:57","modified_gmt":"2025-05-10T20:17:57","slug":"ohlasky-4-nedele-velikonocni-11-5-2025","status":"publish","type":"post","link":"https:\/\/www.farnostrana.cz\/?p=2357","title":{"rendered":"Ohl\u00e1\u0161ky \u2013 4. ned\u011ble velikono\u010dn\u00ed 11. 5. 2025"},"content":{"rendered":"\n<p><\/p>\n\n\n\n<ul class=\"wp-block-list\">\n<li><strong>M\u0161e sv.:<\/strong> \n<ul class=\"wp-block-list\">\n<li>p\u00e1tek v\u00a018 h s\u00a0m\u00e1jovou, <\/li>\n\n\n\n<li>v\u00a0ned\u011bli v 9:30 h pro d\u011bti <strong>s\u00a0loutkov\u00fdm k\u00e1z\u00e1n\u00edm<\/strong>.<\/li>\n<\/ul>\n<\/li>\n\n\n\n<li><strong>M\u00e1jov\u00e9 pobo\u017enosti<\/strong> v\u00a0p\u00e1tek po m\u0161i sv. a v\u00a0Old\u0159etic\u00edch \u010dtvrtek a ned\u011ble v\u00a018 h.<\/li>\n\n\n\n<li><strong>Sb\u00edrky: <\/strong>dnes na kn\u011b\u017esk\u00fd semin\u00e1\u0159, p\u0159\u00ed\u0161t\u011b Tich\u00e1 na opravy.<\/li>\n\n\n\n<li><strong>Farn\u00ed t\u00e1bor \u2013 zm\u011bna term\u00ednu:<\/strong> <strong>od 27.7. do 2.8.<\/strong> na Ran\u00e9. <strong>P\u0159ihl\u00e1\u0161ky<\/strong> na stole\u010dku nebo na webu farnosti. <strong>P\u0159\u00edm\u011bstsk\u00fd tv\u016fr\u010d\u00ed t\u00e1bor 11. \u2013 15.8<\/strong>. Plak\u00e1tky a p\u0159ihl\u00e1\u0161ky na stole\u010dku a na webu farnosti.<\/li>\n\n\n\n<li><strong>Komunitn\u00ed centrum P.F.X.Mimry:<\/strong>\n<ul class=\"wp-block-list\">\n<li>program Z\u0160 Ran\u00e1<strong> ke Dni matek ve st\u0159edu 14.5. od 17 h.<\/strong><\/li>\n\n\n\n<li><strong>V\u00fdstava zn\u00e1mek z\u00a0cel\u00e9ho sv\u011bta 23.5. a\u017e 1.6.<\/strong><\/li>\n<\/ul>\n<\/li>\n\n\n\n<li><strong>Farn\u00ed pou\u0165 letos 7.6. do Broumova<\/strong> se zast\u00e1vkou u Svat\u00e9 br\u00e1ny v Rokoli. Odjezd v\u00a07 h od kostela, n\u00e1vrat v\u00a019 h. <strong>P\u0159ihla\u0161ov\u00e1n\u00ed na stole\u010dku v\u00a0kostele<\/strong> (uvedeny orienta\u010dn\u00ed ceny za prohl\u00eddku a ob\u011bd). Cesta 400 K\u010d za osobu, d\u011bti polovinu.<\/li>\n\n\n\n<li><strong>Katolick\u00fd t\u00fdden\u00edk:<\/strong>\u00a0Co \u010dek\u00e1 nov\u00e9ho pape\u017ee; T\u00e9ma: Konkl\u00e1ve; Perspektivy: U\u010dit n\u00e1bo\u017eenstv\u00ed jinak; Doma: Kv\u011bten Panny Marie.<\/li>\n<\/ul>\n","protected":false},"excerpt":{"rendered":"","protected":false},"author":1,"featured_media":0,"comment_status":"closed","ping_status":"open","sticky":false,"template":"","format":"standard","meta":{"_monsterinsights_skip_tracking":false,"_monsterinsights_sitenote_active":false,"_monsterinsights_sitenote_note":"","_monsterinsights_sitenote_category":0,"footnotes":""},"categories":[3],"tags":[],"class_list":["post-2357","post","type-post","status-publish","format-standard","hentry","category-ohlasky"],"_links":{"self":[{"href":"https:\/\/www.farnostrana.cz\/index.php?rest_route=\/wp\/v2\/posts\/2357","targetHints":{"allow":["GET"]}}],"collection":[{"href":"https:\/\/www.farnostrana.cz\/index.php?rest_route=\/wp\/v2\/posts"}],"about":[{"href":"https:\/\/www.farnostrana.cz\/index.php?rest_route=\/wp\/v2\/types\/post"}],"author":[{"embeddable":true,"href":"https:\/\/www.farnostrana.cz\/index.php?rest_route=\/wp\/v2\/users\/1"}],"replies":[{"embeddable":true,"href":"https:\/\/www.farnostrana.cz\/index.php?rest_route=%2Fwp%2Fv2%2Fcomments&post=2357"}],"version-history":[{"count":1,"href":"https:\/\/www.farnostrana.cz\/index.php?rest_route=\/wp\/v2\/posts\/2357\/revisions"}],"predecessor-version":[{"id":2358,"href":"https:\/\/www.farnostrana.cz\/index.php?rest_route=\/wp\/v2\/posts\/2357\/revisions\/2358"}],"wp:attachment":[{"href":"https:\/\/www.farnostrana.cz\/index.php?rest_route=%2Fwp%2Fv2%2Fmedia&parent=2357"}],"wp:term":[{"taxonomy":"category","embeddable":true,"href":"https:\/\/www.farnostrana.cz\/index.php?rest_route=%2Fwp%2Fv2%2Fcategories&post=2357"},{"taxonomy":"post_tag","embeddable":true,"href":"https:\/\/www.farnostrana.cz\/index.php?rest_route=%2Fwp%2Fv2%2Ftags&post=2357"}],"curies":[{"name":"wp","href":"https:\/\/api.w.org\/{rel}","templated":true}]}}