{"id":2341,"date":"2025-04-19T21:54:34","date_gmt":"2025-04-19T19:54:34","guid":{"rendered":"https:\/\/www.farnostrana.cz\/?p=2341"},"modified":"2025-04-19T22:00:52","modified_gmt":"2025-04-19T20:00:52","slug":"ohlasky-slavnost-zmrtvychvstani-pane-19-4-2025","status":"publish","type":"post","link":"https:\/\/www.farnostrana.cz\/?p=2341","title":{"rendered":"Ohl\u00e1\u0161ky- Slavnost Zmrtv\u00fdchvst\u00e1n\u00ed P\u00e1n\u011b 19. 4. 2025"},"content":{"rendered":"\n<p><strong> <\/strong><\/p>\n\n\n\n<ul class=\"wp-block-list\">\n<li><strong>M\u0161e sv.:<\/strong>&nbsp;\n<ul class=\"wp-block-list\">\n<li>v pond\u011bl\u00ed v 8 h, <\/li>\n\n\n\n<li>p\u00e1tek v 18 h, <\/li>\n\n\n\n<li>v sobotu svatba v 11 h, <\/li>\n\n\n\n<li>v ned\u011bli v 9:30 h.<\/li>\n<\/ul>\n<\/li>\n\n\n\n<li><strong>D\u011bkuji v\u0161em<\/strong>, kdo se zaslou\u017eili o hezk\u00fd pr\u016fb\u011bh velikono\u010dn\u00edch bohoslu\u017eeb!<\/li>\n\n\n\n<li><strong>Sb\u00edrky:<\/strong>\u00a0dnes TICH\u00c1 sbirka na opravy.<\/li>\n\n\n\n<li><strong>Farn\u00ed t\u00e1bor \u2013 zm\u011bna term\u00ednu:<\/strong>\u00a0\n<ul class=\"wp-block-list\">\n<li><strong>od 27.7. do 2.8.<\/strong>&nbsp;na Ran\u00e9.&nbsp;<strong>P\u0159ihl\u00e1\u0161ky<\/strong>&nbsp;na stole\u010dku nebo&nbsp;na webu farnosti.&nbsp;<\/li>\n\n\n\n<li><strong>P\u0159\u00edm\u011bstsk\u00fd tv\u016fr\u010d\u00ed t\u00e1bor 11. \u2013 15.8<\/strong>. Plak\u00e1tky a p\u0159ihl\u00e1\u0161ky na&nbsp;stole\u010dku a na webu farnosti.<\/li>\n<\/ul>\n<\/li>\n\n\n\n<li><strong>Oprava plotu bude pokra\u010dovat&nbsp;<\/strong>od \u010dtvrtka.<\/li>\n\n\n\n<li><strong>Komunitn\u00ed centrum P.F.X.Mimry: V\u00fdstava zn\u00e1mek z cel\u00e9ho sv\u011bta 23.5. a\u017e 1.6.<\/strong><\/li>\n\n\n\n<li><strong>Farn\u00ed pou\u0165 letos 7.6. do Broumova<\/strong>&nbsp;se zast\u00e1vkou u Svat\u00e9 br\u00e1ny.<\/li>\n\n\n\n<li><strong>Katolick\u00fd t\u00fdden\u00edk:<\/strong>&nbsp;Letos slav\u00edme Velikonoce spole\u010dn\u011b; T\u00e9ma: Radost a vd\u011b\u010dnost;&nbsp;Perspektivy: B\u016fh v srdci a v hlav\u011b; rozhovor s Guilliame Bardetem; Doma: Putov\u00e1n\u00ed k&nbsp;relikvi\u00edm.<\/li>\n<\/ul>\n","protected":false},"excerpt":{"rendered":"","protected":false},"author":1,"featured_media":0,"comment_status":"closed","ping_status":"open","sticky":false,"template":"","format":"standard","meta":{"_monsterinsights_skip_tracking":false,"_monsterinsights_sitenote_active":false,"_monsterinsights_sitenote_note":"","_monsterinsights_sitenote_category":0,"footnotes":""},"categories":[3],"tags":[],"class_list":["post-2341","post","type-post","status-publish","format-standard","hentry","category-ohlasky"],"_links":{"self":[{"href":"https:\/\/www.farnostrana.cz\/index.php?rest_route=\/wp\/v2\/posts\/2341","targetHints":{"allow":["GET"]}}],"collection":[{"href":"https:\/\/www.farnostrana.cz\/index.php?rest_route=\/wp\/v2\/posts"}],"about":[{"href":"https:\/\/www.farnostrana.cz\/index.php?rest_route=\/wp\/v2\/types\/post"}],"author":[{"embeddable":true,"href":"https:\/\/www.farnostrana.cz\/index.php?rest_route=\/wp\/v2\/users\/1"}],"replies":[{"embeddable":true,"href":"https:\/\/www.farnostrana.cz\/index.php?rest_route=%2Fwp%2Fv2%2Fcomments&post=2341"}],"version-history":[{"count":2,"href":"https:\/\/www.farnostrana.cz\/index.php?rest_route=\/wp\/v2\/posts\/2341\/revisions"}],"predecessor-version":[{"id":2343,"href":"https:\/\/www.farnostrana.cz\/index.php?rest_route=\/wp\/v2\/posts\/2341\/revisions\/2343"}],"wp:attachment":[{"href":"https:\/\/www.farnostrana.cz\/index.php?rest_route=%2Fwp%2Fv2%2Fmedia&parent=2341"}],"wp:term":[{"taxonomy":"category","embeddable":true,"href":"https:\/\/www.farnostrana.cz\/index.php?rest_route=%2Fwp%2Fv2%2Fcategories&post=2341"},{"taxonomy":"post_tag","embeddable":true,"href":"https:\/\/www.farnostrana.cz\/index.php?rest_route=%2Fwp%2Fv2%2Ftags&post=2341"}],"curies":[{"name":"wp","href":"https:\/\/api.w.org\/{rel}","templated":true}]}}