{"id":2339,"date":"2025-04-12T21:33:28","date_gmt":"2025-04-12T19:33:28","guid":{"rendered":"https:\/\/www.farnostrana.cz\/?p=2339"},"modified":"2025-04-12T21:33:32","modified_gmt":"2025-04-12T19:33:32","slug":"ohlasky-kvetna-nedele-13-4-2025","status":"publish","type":"post","link":"https:\/\/www.farnostrana.cz\/?p=2339","title":{"rendered":"Ohl\u00e1\u0161ky \u2013 Kv\u011btn\u00e1 ned\u011ble 13. 4. 2025"},"content":{"rendered":"\n<p><\/p>\n\n\n\n<ul class=\"wp-block-list\">\n<li><strong>M\u0161e sv. a bohoslu\u017eby:<\/strong>\u00a0\n<ul class=\"wp-block-list\">\n<li>Zelen\u00fd \u010dtvrtek v 18 h, <\/li>\n\n\n\n<li>Velk\u00fd p\u00e1tek v 18 h, <\/li>\n\n\n\n<li>B\u00edl\u00e1 sobota ve 20 h,\u00a0<\/li>\n\n\n\n<li>ned\u011ble Zmrtv\u00fdchvst\u00e1n\u00ed \n<ul class=\"wp-block-list\">\n<li>v 8 h Holet\u00edn a <\/li>\n\n\n\n<li>v 9:30 h Ran\u00e1, \u017eehn\u00e1n\u00ed pokrm\u016f.<\/li>\n<\/ul>\n<\/li>\n<\/ul>\n<\/li>\n\n\n\n<li><strong>K\u0159\u00ed\u017eov\u00e1 cesta<\/strong>\u00a0na Velk\u00fd p\u00e1tek v 15 h v Kameni\u010dk\u00e1ch.<\/li>\n\n\n\n<li><strong>Rann\u00ed chv\u00e1ly\u00a0<\/strong>v p\u00e1tek a v sobotu v 9 h.<\/li>\n\n\n\n<li><strong>Zpov\u00edd\u00e1n\u00ed p\u0159ed Velikonocemi ve Skut\u010di\u00a0<\/strong>dnes od 15 do 18 h.<\/li>\n\n\n\n<li><strong>Sb\u00edrky:<\/strong>\u00a0dnes sb\u00edrka na poji\u0161t\u011bn\u00ed. P\u0159\u00ed\u0161t\u00ed ned\u011bli TICH\u00c1 na opravy. Na Velk\u00fd p\u00e1tek na\u00a0Svatou zemi.<\/li>\n\n\n\n<li><strong>Farn\u00ed t\u00e1bor \u2013 zm\u011bna term\u00ednu:<\/strong>\u00a0<strong>od 27.7. do 2.8.<\/strong>\u00a0na Ran\u00e9.\u00a0<strong>P\u0159ihl\u00e1\u0161ky<\/strong>\u00a0na stole\u010dku nebo\u00a0na webu farnosti. Letos poprv\u00e9\u00a0<strong>p\u0159\u00edm\u011bstsk\u00fd t\u00e1bor 11. \u2013 15.8<\/strong>. P\u0159ihla\u0161ov\u00e1n\u00ed\u00a0v nejbli\u017e\u0161\u00edch dnech.<\/li>\n\n\n\n<li><strong>Komunitn\u00ed centrum P.F.X.Mimry:\u00a0<\/strong>p\u0159ipravujeme dal\u0161\u00ed program.<\/li>\n\n\n\n<li><strong>Farn\u00ed pou\u0165 letos 7.6. do Broumova<\/strong>\u00a0se zast\u00e1vkou u Svat\u00e9 br\u00e1ny.<\/li>\n\n\n\n<li><strong>Katolick\u00fd t\u00fdden\u00edk:<\/strong>\u00a0Vstoupit do Je\u017e\u00ed\u0161ova p\u0159\u00edb\u011bhu; T\u00e9ma: Handicapovan\u00ed v c\u00edrkvi;\u00a0Perspektivy: Co kdy\u017e B\u016fh n\u011bkomu nechyb\u00ed; rozhovor s tren\u00e9rem Ji\u0159\u00edm Kube\u0161em;\u00a0Doma: Velikono\u010dn\u00ed sv\u00edce.<\/li>\n<\/ul>\n","protected":false},"excerpt":{"rendered":"","protected":false},"author":1,"featured_media":0,"comment_status":"closed","ping_status":"open","sticky":false,"template":"","format":"standard","meta":{"_monsterinsights_skip_tracking":false,"_monsterinsights_sitenote_active":false,"_monsterinsights_sitenote_note":"","_monsterinsights_sitenote_category":0,"footnotes":""},"categories":[3],"tags":[],"class_list":["post-2339","post","type-post","status-publish","format-standard","hentry","category-ohlasky"],"_links":{"self":[{"href":"https:\/\/www.farnostrana.cz\/index.php?rest_route=\/wp\/v2\/posts\/2339","targetHints":{"allow":["GET"]}}],"collection":[{"href":"https:\/\/www.farnostrana.cz\/index.php?rest_route=\/wp\/v2\/posts"}],"about":[{"href":"https:\/\/www.farnostrana.cz\/index.php?rest_route=\/wp\/v2\/types\/post"}],"author":[{"embeddable":true,"href":"https:\/\/www.farnostrana.cz\/index.php?rest_route=\/wp\/v2\/users\/1"}],"replies":[{"embeddable":true,"href":"https:\/\/www.farnostrana.cz\/index.php?rest_route=%2Fwp%2Fv2%2Fcomments&post=2339"}],"version-history":[{"count":1,"href":"https:\/\/www.farnostrana.cz\/index.php?rest_route=\/wp\/v2\/posts\/2339\/revisions"}],"predecessor-version":[{"id":2340,"href":"https:\/\/www.farnostrana.cz\/index.php?rest_route=\/wp\/v2\/posts\/2339\/revisions\/2340"}],"wp:attachment":[{"href":"https:\/\/www.farnostrana.cz\/index.php?rest_route=%2Fwp%2Fv2%2Fmedia&parent=2339"}],"wp:term":[{"taxonomy":"category","embeddable":true,"href":"https:\/\/www.farnostrana.cz\/index.php?rest_route=%2Fwp%2Fv2%2Fcategories&post=2339"},{"taxonomy":"post_tag","embeddable":true,"href":"https:\/\/www.farnostrana.cz\/index.php?rest_route=%2Fwp%2Fv2%2Ftags&post=2339"}],"curies":[{"name":"wp","href":"https:\/\/api.w.org\/{rel}","templated":true}]}}