{"id":2332,"date":"2025-04-05T19:44:19","date_gmt":"2025-04-05T17:44:19","guid":{"rendered":"https:\/\/www.farnostrana.cz\/?p=2332"},"modified":"2025-04-05T19:44:48","modified_gmt":"2025-04-05T17:44:48","slug":"ohlasky-5-nedele-postni-6-4-2025","status":"publish","type":"post","link":"https:\/\/www.farnostrana.cz\/?p=2332","title":{"rendered":"Ohl\u00e1\u0161ky \u2013 5. ned\u011ble postn\u00ed 6. 4. 2025"},"content":{"rendered":"\n<p><\/p>\n\n\n\n<ul class=\"wp-block-list\">\n<li><strong>M\u0161e sv.:<\/strong>\u00a0\n<ul class=\"wp-block-list\">\n<li>v p\u00e1tek v 18 h, <\/li>\n\n\n\n<li>v sobotu v 11 h poh\u0159eb +Ji\u0159\u00ed Vacek, <\/li>\n\n\n\n<li>v 9:30 h Ran\u00e1.<\/li>\n<\/ul>\n<\/li>\n\n\n\n<li><strong>K\u0159\u00ed\u017eov\u00e9 cesty<\/strong>\u00a0v postn\u00ed dob\u011b v p\u00e1tek p\u016fl hodiny p\u0159ede m\u0161\u00ed sv.<\/li>\n\n\n\n<li><strong>Zpov\u00edd\u00e1n\u00ed p\u0159ed Velikonocemi v p\u00e1tek 11.4. od 15 do 18 h.<\/strong><\/li>\n\n\n\n<li><strong>Vych\u00e1z\u00ed Zpravodaj farnosti<\/strong>, kde najdete i velikono\u010dn\u00ed bohoslu\u017eby. K dispozici na\u00a0stole\u010dku. D\u011bkuji v\u0161em p\u0159isp\u011bvovatel\u016fm i redakci!<\/li>\n\n\n\n<li><strong>Sb\u00edrky:\u00a0<\/strong>na ml\u00e1de\u017e jsme vybrali 5 743 K\u010d, na Adopci na d\u00e1lku 10 681 K\u010d, p\u0159i Tich\u00e9\u00a0sb\u00edrce na opravy 9 299 K\u010d. P\u00e1n B\u016fh zapla\u0165! P\u0159\u00ed\u0161t\u00ed ned\u011bli\u00a0<strong>sb\u00edrka na poji\u0161t\u011bn\u00ed<\/strong>.<\/li>\n\n\n\n<li><strong>Komunitn\u00ed centrum P.F.X.Mimry: zveme na<\/strong>\u00a0<strong>Velikono\u010dn\u00ed tvo\u0159en\u00ed<\/strong>\u00a0<strong>v pond\u011bl\u00ed 7.4.\u00a0<\/strong>od 16 do 18 h. M\u016f\u017eete si vyrobit zaj\u00ed\u010dka, v\u011bne\u010dek nebo dle fantazie.<\/li>\n\n\n\n<li><strong>Farn\u00ed pou\u0165 letos 7.6. do Broumova<\/strong>\u00a0se zast\u00e1vkou u Svat\u00e9 br\u00e1ny.<\/li>\n\n\n\n<li><strong>Farn\u00ed t\u00e1bor \u2013 zm\u011bna term\u00ednu:<\/strong>\u00a0<strong>od 27.7. do 2.8.<\/strong>\u00a0na Ran\u00e9.\u00a0<strong>P\u0159ihl\u00e1\u0161ky<\/strong>\u00a0na stole\u010dku nebo\u00a0na webu farnosti. Letos poprv\u00e9\u00a0<strong>p\u0159\u00edm\u011bstsk\u00fd t\u00e1bor 11. \u2013 15.8<\/strong>. P\u0159ihla\u0161ov\u00e1n\u00ed\u00a0v nejbli\u017e\u0161\u00edch dnech.<\/li>\n\n\n\n<li><strong>Katolick\u00fd t\u00fdden\u00edk:<\/strong>\u00a0\u010ce\u0161i u apo\u0161tolsk\u00fdch prah\u016f; T\u00e9ma: Farn\u00ed charity; Perspektivy:\u00a0Uzav\u0159\u00edt okna nepom\u00e1h\u00e1; rozhovor se sestrou V\u00e1clavou Hud\u00edkovou \u0159\u00e1du Klarisek od\u00a0V\u011b\u010dn\u00e9 adorace; Doma: D\u011bti a sv\u011bdom\u00ed.<\/li>\n<\/ul>\n","protected":false},"excerpt":{"rendered":"","protected":false},"author":1,"featured_media":0,"comment_status":"closed","ping_status":"open","sticky":false,"template":"","format":"standard","meta":{"_monsterinsights_skip_tracking":false,"_monsterinsights_sitenote_active":false,"_monsterinsights_sitenote_note":"","_monsterinsights_sitenote_category":0,"footnotes":""},"categories":[3],"tags":[],"class_list":["post-2332","post","type-post","status-publish","format-standard","hentry","category-ohlasky"],"_links":{"self":[{"href":"https:\/\/www.farnostrana.cz\/index.php?rest_route=\/wp\/v2\/posts\/2332","targetHints":{"allow":["GET"]}}],"collection":[{"href":"https:\/\/www.farnostrana.cz\/index.php?rest_route=\/wp\/v2\/posts"}],"about":[{"href":"https:\/\/www.farnostrana.cz\/index.php?rest_route=\/wp\/v2\/types\/post"}],"author":[{"embeddable":true,"href":"https:\/\/www.farnostrana.cz\/index.php?rest_route=\/wp\/v2\/users\/1"}],"replies":[{"embeddable":true,"href":"https:\/\/www.farnostrana.cz\/index.php?rest_route=%2Fwp%2Fv2%2Fcomments&post=2332"}],"version-history":[{"count":1,"href":"https:\/\/www.farnostrana.cz\/index.php?rest_route=\/wp\/v2\/posts\/2332\/revisions"}],"predecessor-version":[{"id":2333,"href":"https:\/\/www.farnostrana.cz\/index.php?rest_route=\/wp\/v2\/posts\/2332\/revisions\/2333"}],"wp:attachment":[{"href":"https:\/\/www.farnostrana.cz\/index.php?rest_route=%2Fwp%2Fv2%2Fmedia&parent=2332"}],"wp:term":[{"taxonomy":"category","embeddable":true,"href":"https:\/\/www.farnostrana.cz\/index.php?rest_route=%2Fwp%2Fv2%2Fcategories&post=2332"},{"taxonomy":"post_tag","embeddable":true,"href":"https:\/\/www.farnostrana.cz\/index.php?rest_route=%2Fwp%2Fv2%2Ftags&post=2332"}],"curies":[{"name":"wp","href":"https:\/\/api.w.org\/{rel}","templated":true}]}}