{"id":233,"date":"2017-03-26T11:53:16","date_gmt":"2017-03-26T09:53:16","guid":{"rendered":"http:\/\/www.farnostrana.cz\/?p=233"},"modified":"2017-03-26T11:53:16","modified_gmt":"2017-03-26T09:53:16","slug":"ohlasky-na-4-nedeli-postni-26-3-2017","status":"publish","type":"post","link":"https:\/\/www.farnostrana.cz\/?p=233","title":{"rendered":"Ohl\u00e1\u0161ky na 4. ned\u011bli postn\u00ed 26. 3. 2017"},"content":{"rendered":"<ul>\n<li>Dnes setk\u00e1n\u00ed <strong>p\u0159\u00edpravy k\u00a01. sv. p\u0159ij\u00edm\u00e1n\u00ed <\/strong>ve 14 h na Ran\u00e9 a v\u00a015:15 ve Skut\u010di.<\/li>\n<\/ul>\n<ul>\n<li>Sb\u00edrka minulou ned\u011bli<strong> na plo\u0161n\u00e9 poji\u0161t\u011bn\u00ed diec\u00e9ze <\/strong>vynesla 2 613K\u010d.<\/li>\n<\/ul>\n<ul>\n<li><strong>V\u00a0p\u00e1tek 31.3. bude m\u0161e sv. v\u00fdjime\u010dn\u011b ji\u017e v\u00a017 h. Po m\u0161i odj\u00ed\u017ed\u00ed mu\u017ei na duchovn\u00ed obnovu do Moravsk\u00e9ho Karlova. <\/strong>J\u00eddlo s\u00a0sebou.<\/li>\n<li><strong>P\u0159\u00ed\u0161t\u00ed ned\u011bli je m\u0161e sv.<\/strong> <strong>v\u00a0Holet\u00edn\u011b<\/strong> v\u00a08 h.<\/li>\n<li><strong>Zpov\u00edd\u00e1n\u00ed p\u0159ed velikonocemi bude v\u00a0p\u00e1tek 7.4. od 15 h. <\/strong>Budou 3 zpov\u011bdn\u00edci.<\/li>\n<li><strong>Spole\u010dn\u00e9 ud\u00edlen\u00ed sv\u00e1tosti pomaz\u00e1n\u00ed nemocn\u00fdch bude o 2.<\/strong> ned\u011bli velikono\u010dn\u00ed 23.4.<\/li>\n<\/ul>\n<ul>\n<li><strong>Na Farn\u00ed pou\u0165 na<\/strong> <strong>Host\u00fdn<\/strong>\u00a0<strong>20.<\/strong>\u00a0<strong>5. je <\/strong>autobus ji\u017e napln\u011bn. Pokud budou dal\u0161\u00ed z\u00e1jemci, objedn\u00e1me druh\u00fd. Program: M\u0161e sv. v\u00a0bazilice, mo\u017enost ob\u010derstven\u00ed, vych\u00e1zky, rozhledna, k\u0159\u00ed\u017eov\u00e1 cesta. Odpoledne nav\u0161t\u00edv\u00edme z\u00e1mek \u010cechy pod Kos\u00ed\u0159em. <strong>Ozna\u010dte na p\u0159ihla\u0161ovac\u00edm pap\u00edru 1 ze 3 mo\u017enost\u00ed:<\/strong> reprezentativn\u00ed prostory (A), prohl\u00eddka parku s\u00a0rozhlednou s\u00a0pr\u016fvodcem (B), nebo volno s\u00a0mo\u017enost\u00ed n\u00e1v\u0161t\u011bvy muzea J\u00e1ry Cimrmana (C). Prohl\u00eddky A+B budou objedn\u00e1ny dle z\u00e1jmu. Cena pout\u011b asi 350K\u010d dosp\u011bl\u00ed, d\u011bti polovinu<strong>. Autobus vyjede a\u017e nahoru na Host\u00fdn<\/strong>, v\u0161e d\u016fle\u017eit\u00e9 je bezbari\u00e9rov\u00e9.<\/li>\n<li><strong>O \u010dem p\u00ed\u0161e Katolick\u00fd t\u00fdden\u00edk:<\/strong> n\u011bkolik ohl\u00e9dnut\u00ed za zesnul\u00fdm kardin\u00e1lem Vlkem; D\u011bti a zpov\u011b\u010f; velikonoce s\u00a0Franti\u0161kem.<\/li>\n<\/ul>\n","protected":false},"excerpt":{"rendered":"<p>Dnes setk\u00e1n\u00ed p\u0159\u00edpravy k\u00a01. sv. p\u0159ij\u00edm\u00e1n\u00ed ve 14 h na Ran\u00e9 a v\u00a015:15 ve Skut\u010di. Sb\u00edrka minulou ned\u011bli na plo\u0161n\u00e9 poji\u0161t\u011bn\u00ed diec\u00e9ze vynesla 2 613K\u010d. V\u00a0p\u00e1tek 31.3. bude m\u0161e sv. v\u00fdjime\u010dn\u011b ji\u017e v\u00a017 h. Po m\u0161i odj\u00ed\u017ed\u00ed mu\u017ei na duchovn\u00ed <a class=\"more-link\" href=\"https:\/\/www.farnostrana.cz\/?p=233\">Cel\u00fd \u010dl\u00e1nek  <span class=\"screen-reader-text\">  Ohl\u00e1\u0161ky na 4. ned\u011bli postn\u00ed 26. 3. 2017<\/span><span class=\"meta-nav\">&rarr;<\/span><\/a><\/p>\n","protected":false},"author":1,"featured_media":0,"comment_status":"closed","ping_status":"open","sticky":false,"template":"","format":"standard","meta":{"_monsterinsights_skip_tracking":false,"_monsterinsights_sitenote_active":false,"_monsterinsights_sitenote_note":"","_monsterinsights_sitenote_category":0,"footnotes":""},"categories":[3],"tags":[],"class_list":["post-233","post","type-post","status-publish","format-standard","hentry","category-ohlasky"],"_links":{"self":[{"href":"https:\/\/www.farnostrana.cz\/index.php?rest_route=\/wp\/v2\/posts\/233","targetHints":{"allow":["GET"]}}],"collection":[{"href":"https:\/\/www.farnostrana.cz\/index.php?rest_route=\/wp\/v2\/posts"}],"about":[{"href":"https:\/\/www.farnostrana.cz\/index.php?rest_route=\/wp\/v2\/types\/post"}],"author":[{"embeddable":true,"href":"https:\/\/www.farnostrana.cz\/index.php?rest_route=\/wp\/v2\/users\/1"}],"replies":[{"embeddable":true,"href":"https:\/\/www.farnostrana.cz\/index.php?rest_route=%2Fwp%2Fv2%2Fcomments&post=233"}],"version-history":[{"count":1,"href":"https:\/\/www.farnostrana.cz\/index.php?rest_route=\/wp\/v2\/posts\/233\/revisions"}],"predecessor-version":[{"id":234,"href":"https:\/\/www.farnostrana.cz\/index.php?rest_route=\/wp\/v2\/posts\/233\/revisions\/234"}],"wp:attachment":[{"href":"https:\/\/www.farnostrana.cz\/index.php?rest_route=%2Fwp%2Fv2%2Fmedia&parent=233"}],"wp:term":[{"taxonomy":"category","embeddable":true,"href":"https:\/\/www.farnostrana.cz\/index.php?rest_route=%2Fwp%2Fv2%2Fcategories&post=233"},{"taxonomy":"post_tag","embeddable":true,"href":"https:\/\/www.farnostrana.cz\/index.php?rest_route=%2Fwp%2Fv2%2Ftags&post=233"}],"curies":[{"name":"wp","href":"https:\/\/api.w.org\/{rel}","templated":true}]}}