{"id":226,"date":"2017-03-06T08:13:54","date_gmt":"2017-03-06T06:13:54","guid":{"rendered":"http:\/\/www.farnostrana.cz\/?p=226"},"modified":"2017-03-06T08:14:34","modified_gmt":"2017-03-06T06:14:34","slug":"ohlasky-na-1-nedeli-postni-5-3-2017","status":"publish","type":"post","link":"https:\/\/www.farnostrana.cz\/?p=226","title":{"rendered":"Ohl\u00e1\u0161ky na 1. ned\u011bli postn\u00ed 5. 3. 2017"},"content":{"rendered":"<ul>\n<li><strong>Sb\u00edrka minulou ned\u011bli na <\/strong>\u201e<strong>Svatopetrsk\u00fd hal\u00ed\u0159<\/strong>\u201c vynesla 5\u00a0593K\u010d. P\u00e1n B\u016fh zapla\u0165!<\/li>\n<li><strong>P\u0159\u00edprava rodi\u010d\u016f a d\u011bt\u00ed na 1. svat\u00e9 p\u0159ij\u00edm\u00e1n\u00ed za\u010dne v\u00a0ned\u011bli 5. 3. ve 14 h zde na Ran\u00e9 v\u00a0kostele, ve Skut\u010di od 15 h.<\/strong><\/li>\n<li><strong>M\u0161e sv. pro rodi\u010de s\u00a0d\u011btmi bude v\u00fdjime\u010dn\u011b d\u0159\u00edv \u2013 ji\u017e p\u0159\u00ed\u0161t\u00ed ned\u011bli! Stejn\u011b tak ministrantsk\u00e1 sch\u016fzka.<\/strong><\/li>\n<li><strong>Postni\u010dky<\/strong> \u2013 postn\u00ed krabi\u010dky na almu\u017eny \u2013 si m\u016f\u017eete vz\u00edt v\u00a0kostele a poskl\u00e1dat. Odevzd\u00e1vat se budou po velikonoc\u00edch.<\/li>\n<li><strong>Spole\u010dn\u00e9 ud\u00edlen\u00ed sv\u00e1tosti pomaz\u00e1n\u00ed nemocn\u00fdch bude letos o velikonoc\u00edch<\/strong>.<\/li>\n<li><strong>Biblick\u00e1 p\u0159edn\u00e1\u0161ka \u201eKudy kr\u00e1\u010del Je\u017e\u00ed\u0161\u201c se uskute\u010dn\u00ed v\u00a0p\u00e1tek 17.3. v\u00a018 h v\u00a0Kulturn\u00edm dom\u011b Vojt\u011bchov.<\/strong> P\u0159edn\u00e1\u0161\u00ed Mgr. Luk\u00e1\u0161 Pe\u0161out. P\u0159edn\u00e1\u0161ka je spole\u010dnou akc\u00ed Sboru \u010cCE a \u0158k. farnosti Ran\u00e1. Vstup zdarma. P\u00e1te\u010dn\u00ed m\u0161e v\u00a0tento \u010das nebude.<\/li>\n<li><strong>24hodin pro P\u00e1na 24.3.<\/strong> v\u00a0p\u00e1tek po m\u0161i zde bude <strong>Ve\u010der chval<\/strong>. V\u00a0sobotu se p\u0159ipoj\u00edme k\u00a0duchovn\u00ed obnov\u011b ve Skut\u010di<\/li>\n<li><strong>Postn\u00ed duchovn\u00ed obnova ve Skut\u010di bude v\u00a0sobotu 25.3. s\u00a0P. Tom\u00e1\u0161em Ml\u00fdnkem z\u00a0Pardubic. <\/strong>P\u0159ihla\u0161ujte se na pap\u00edru v\u00a0kostele.<\/li>\n<li><strong>Obnova mu\u017ei \u2013 31. 3. \u2013 2. 4. chalupa Moravsk\u00fd Karlov, <\/strong>15 m\u00edst \u2013 p\u0159ihla\u0161ov\u00e1n\u00ed na stejn\u00e9m m\u00edst\u011b.<\/li>\n<li><strong>P\u0159ihla\u0161ujte se ji\u017e na Farn\u00ed pou\u0165 na<\/strong> <strong>Host\u00fdn<\/strong> <strong> 5. <\/strong>autobusem. M\u0161e sv. v\u00a0bazilice, mo\u017enost ob\u010derstven\u00ed, vych\u00e1zky, rozhledna, k\u0159\u00ed\u017eov\u00e1 cesta. Odpoledne nav\u0161t\u00edv\u00edme z\u00e1mek \u010cechy pod Kos\u00ed\u0159em. <strong>Ozna\u010dte na p\u0159ihla\u0161ovac\u00edm pap\u00edru 1 ze 3 mo\u017enost\u00ed:<\/strong> reprezentativn\u00ed prostory (A), prohl\u00eddka parku s\u00a0rozhlednou s\u00a0pr\u016fvodcem (B), nebo volno s\u00a0mo\u017enost\u00ed n\u00e1v\u0161t\u011bvy muzea J\u00e1ry Cimrmana (C). Prohl\u00eddky A+B budou objedn\u00e1ny dle z\u00e1jmu. Cena pout\u011b asi 350K\u010d dosp\u011bl\u00ed, d\u011bti polovinu.<\/li>\n<li><strong>Celost\u00e1tn\u00ed setk\u00e1n\u00ed ml\u00e1de\u017ee v\u00a0Olomouci bude 15. \u2013 20. 8. Zvu mlad\u00e9 z\u00a0na\u0161\u00ed farnosti od 14 do 30 let, abychom jeli. <\/strong>P. Ond\u0159ej pojede tak\u00e9. P\u0159ihla\u0161ujte se na Sign\u00e1lech, do konce kv\u011btna v\u00fdrazn\u00e1 sleva. Pozv\u011bte i sv\u00e9 kamar\u00e1dy!<\/li>\n<li><strong>O \u010dem p\u00ed\u0161e Katolick\u00fd t\u00fdden\u00edk:<\/strong> K\u0159es\u0165an\u00e9 a uprchl\u00edci; F\u00f3rum ml\u00e1de\u017ee; Pr\u016fvodce postn\u00ed dobou; Rozhovor o man\u017eelstv\u00ed s\u00a0Josefem Zemanem; Doma: Modlitby otc\u016f.<\/li>\n<\/ul>\n","protected":false},"excerpt":{"rendered":"<p>Sb\u00edrka minulou ned\u011bli na \u201eSvatopetrsk\u00fd hal\u00ed\u0159\u201c vynesla 5\u00a0593K\u010d. P\u00e1n B\u016fh zapla\u0165! P\u0159\u00edprava rodi\u010d\u016f a d\u011bt\u00ed na 1. svat\u00e9 p\u0159ij\u00edm\u00e1n\u00ed za\u010dne v\u00a0ned\u011bli 5. 3. ve 14 h zde na Ran\u00e9 v\u00a0kostele, ve Skut\u010di od 15 h. M\u0161e sv. pro rodi\u010de s\u00a0d\u011btmi <a class=\"more-link\" href=\"https:\/\/www.farnostrana.cz\/?p=226\">Cel\u00fd \u010dl\u00e1nek  <span class=\"screen-reader-text\">  Ohl\u00e1\u0161ky na 1. ned\u011bli postn\u00ed 5. 3. 2017<\/span><span class=\"meta-nav\">&rarr;<\/span><\/a><\/p>\n","protected":false},"author":1,"featured_media":0,"comment_status":"closed","ping_status":"open","sticky":false,"template":"","format":"standard","meta":{"_monsterinsights_skip_tracking":false,"_monsterinsights_sitenote_active":false,"_monsterinsights_sitenote_note":"","_monsterinsights_sitenote_category":0,"footnotes":""},"categories":[3],"tags":[],"class_list":["post-226","post","type-post","status-publish","format-standard","hentry","category-ohlasky"],"_links":{"self":[{"href":"https:\/\/www.farnostrana.cz\/index.php?rest_route=\/wp\/v2\/posts\/226","targetHints":{"allow":["GET"]}}],"collection":[{"href":"https:\/\/www.farnostrana.cz\/index.php?rest_route=\/wp\/v2\/posts"}],"about":[{"href":"https:\/\/www.farnostrana.cz\/index.php?rest_route=\/wp\/v2\/types\/post"}],"author":[{"embeddable":true,"href":"https:\/\/www.farnostrana.cz\/index.php?rest_route=\/wp\/v2\/users\/1"}],"replies":[{"embeddable":true,"href":"https:\/\/www.farnostrana.cz\/index.php?rest_route=%2Fwp%2Fv2%2Fcomments&post=226"}],"version-history":[{"count":2,"href":"https:\/\/www.farnostrana.cz\/index.php?rest_route=\/wp\/v2\/posts\/226\/revisions"}],"predecessor-version":[{"id":228,"href":"https:\/\/www.farnostrana.cz\/index.php?rest_route=\/wp\/v2\/posts\/226\/revisions\/228"}],"wp:attachment":[{"href":"https:\/\/www.farnostrana.cz\/index.php?rest_route=%2Fwp%2Fv2%2Fmedia&parent=226"}],"wp:term":[{"taxonomy":"category","embeddable":true,"href":"https:\/\/www.farnostrana.cz\/index.php?rest_route=%2Fwp%2Fv2%2Fcategories&post=226"},{"taxonomy":"post_tag","embeddable":true,"href":"https:\/\/www.farnostrana.cz\/index.php?rest_route=%2Fwp%2Fv2%2Ftags&post=226"}],"curies":[{"name":"wp","href":"https:\/\/api.w.org\/{rel}","templated":true}]}}