{"id":2241,"date":"2024-11-09T21:13:51","date_gmt":"2024-11-09T19:13:51","guid":{"rendered":"https:\/\/www.farnostrana.cz\/?p=2241"},"modified":"2024-11-09T21:14:07","modified_gmt":"2024-11-09T19:14:07","slug":"ohlasky-32-nedele-v-mezidobi-10-11-2024","status":"publish","type":"post","link":"https:\/\/www.farnostrana.cz\/?p=2241","title":{"rendered":"Ohl\u00e1\u0161ky \u2013 32. ned\u011ble v mezidob\u00ed 10. 11. 2024"},"content":{"rendered":"\n<p><\/p>\n\n\n\n<ul class=\"wp-block-list\">\n<li><strong>M\u0161e sv.:<\/strong>\u00a0\u00a0\n<ul class=\"wp-block-list\">\n<li>v p\u00e1tek v 18 h, <\/li>\n\n\n\n<li>v ned\u011bli v 9:30 h\u00a0<strong>pro d\u011bti s loutkov\u00fdm k\u00e1z\u00e1n\u00edm<\/strong>.<\/li>\n<\/ul>\n<\/li>\n\n\n\n<li><strong>Brig\u00e1da ve farn\u00edm lese v sobotu 16.11.,\u00a0<\/strong>sraz v 9 h v horn\u00edm lese (nad trat\u00ed) na m\u00edst\u011b.\u00a0\u010ci\u0161t\u011bn\u00ed n\u00e1let\u016f a po t\u011b\u017eb\u011b, s mo\u017enost\u00ed z\u00edskat d\u0159evo, oprava dr\u00e1t\u011bn\u00e9 oplocenky.<\/li>\n\n\n\n<li><strong>Komunitn\u00ed centrum P.F.X.Mimry:\u00a0<\/strong>p\u0159edn\u00e1\u0161ka Ji\u017en\u00ed Afrika P.Jana Linharta 21.11.<\/li>\n\n\n\n<li><strong>V\u00e1noce pro Mikulovice \u2013<\/strong>\u00a0m\u016f\u017eete podpo\u0159it vytopen\u00e9 obyvatele obce Mikulovice a\u00a0<strong>up\u00e9ct jim cukrov\u00ed<\/strong>. Druh nerozhoduje. Term\u00edn 5.12. (oslavu maj\u00ed 7.12.), odvoz\u00a0zaji\u0161t\u011bn. P\u0159edpokl\u00e1dan\u00e9 mno\u017estv\u00ed napi\u0161te SMS na tel. 732 536 873. D\u011bkuji!<\/li>\n\n\n\n<li><strong>Postn\u00ed duchovn\u00ed obnovy 2025:\u00a0<\/strong>\n<ul class=\"wp-block-list\">\n<li>\u017eeny v Rokoli 21. \u2013 23.2., <\/li>\n\n\n\n<li>mu\u017ei v Kr\u00e1l\u00edk\u00e1ch 7. \u2013 9.3.<\/li>\n<\/ul>\n<\/li>\n\n\n\n<li><strong>Katolick\u00fd t\u00fdden\u00edk:<\/strong>\u00a0Dal\u0161\u00ed f\u00e1ze synody \u2013 uv\u00e9st do \u017eivota; T\u00e9ma: Jak o\u017eivit farnost;\u00a0Perspektivy: Ze\u010f padla, ale\u2026; rozhovor s Janou Hrdinovou, dobrovolnic\u00ed na\u00a0Ukrajin\u011b; Doma: Spole\u010denstv\u00ed maminek s d\u011btmi.<\/li>\n<\/ul>\n\n\n\n<hr class=\"wp-block-separator has-alpha-channel-opacity\"\/>\n","protected":false},"excerpt":{"rendered":"","protected":false},"author":1,"featured_media":0,"comment_status":"closed","ping_status":"open","sticky":false,"template":"","format":"standard","meta":{"_monsterinsights_skip_tracking":false,"_monsterinsights_sitenote_active":false,"_monsterinsights_sitenote_note":"","_monsterinsights_sitenote_category":0,"footnotes":""},"categories":[3],"tags":[],"class_list":["post-2241","post","type-post","status-publish","format-standard","hentry","category-ohlasky"],"_links":{"self":[{"href":"https:\/\/www.farnostrana.cz\/index.php?rest_route=\/wp\/v2\/posts\/2241","targetHints":{"allow":["GET"]}}],"collection":[{"href":"https:\/\/www.farnostrana.cz\/index.php?rest_route=\/wp\/v2\/posts"}],"about":[{"href":"https:\/\/www.farnostrana.cz\/index.php?rest_route=\/wp\/v2\/types\/post"}],"author":[{"embeddable":true,"href":"https:\/\/www.farnostrana.cz\/index.php?rest_route=\/wp\/v2\/users\/1"}],"replies":[{"embeddable":true,"href":"https:\/\/www.farnostrana.cz\/index.php?rest_route=%2Fwp%2Fv2%2Fcomments&post=2241"}],"version-history":[{"count":1,"href":"https:\/\/www.farnostrana.cz\/index.php?rest_route=\/wp\/v2\/posts\/2241\/revisions"}],"predecessor-version":[{"id":2242,"href":"https:\/\/www.farnostrana.cz\/index.php?rest_route=\/wp\/v2\/posts\/2241\/revisions\/2242"}],"wp:attachment":[{"href":"https:\/\/www.farnostrana.cz\/index.php?rest_route=%2Fwp%2Fv2%2Fmedia&parent=2241"}],"wp:term":[{"taxonomy":"category","embeddable":true,"href":"https:\/\/www.farnostrana.cz\/index.php?rest_route=%2Fwp%2Fv2%2Fcategories&post=2241"},{"taxonomy":"post_tag","embeddable":true,"href":"https:\/\/www.farnostrana.cz\/index.php?rest_route=%2Fwp%2Fv2%2Ftags&post=2241"}],"curies":[{"name":"wp","href":"https:\/\/api.w.org\/{rel}","templated":true}]}}