{"id":2239,"date":"2024-11-02T20:51:18","date_gmt":"2024-11-02T18:51:18","guid":{"rendered":"https:\/\/www.farnostrana.cz\/?p=2239"},"modified":"2024-11-02T20:51:35","modified_gmt":"2024-11-02T18:51:35","slug":"ohlasky-31-nedele-v-mezidobi-3-11-2024","status":"publish","type":"post","link":"https:\/\/www.farnostrana.cz\/?p=2239","title":{"rendered":"Ohl\u00e1\u0161ky \u2013 31. ned\u011ble v mezidob\u00ed 3. 11. 2024"},"content":{"rendered":"\n<p><\/p>\n\n\n\n<ul class=\"wp-block-list\">\n<li><strong>M\u0161e sv.:<\/strong>\u00a0\u00a0\n<ul class=\"wp-block-list\">\n<li>v pond\u011bl\u00ed poh\u0159eb ve 13:30 h +Miloslava Tal\u00e1ckov\u00e1 z Vojt\u011bchova, <\/li>\n\n\n\n<li>v \u00fater\u00fd\u00a0poh\u0159eb ve 13:30 h +Marcela S\u00e1zavov\u00e1 ze Studnice, <\/li>\n\n\n\n<li>v p\u00e1tek v 18 h, <\/li>\n\n\n\n<li>v ned\u011bli v 9:30 h.<\/li>\n<\/ul>\n<\/li>\n\n\n\n<li><strong>Plnomocn\u00e9 odpustky pro zem\u0159el\u00e9 od 1. do 8. 11.<\/strong>\u00a0m\u016f\u017eete z\u00edskat za obvykl\u00fdch\u00a0podm\u00ednek.<\/li>\n\n\n\n<li>Tento t\u00fdden odpad\u00e1 n\u00e1bo\u017eenstv\u00ed. Jsem na exercici\u00edch. Zastupuje P.Petr Vt\u00edpil.<\/li>\n\n\n\n<li><strong>Ubytovali jsme v KC uprchl\u00edky z Ukrajiny\u00a0<\/strong>na n\u011bkolik dn\u00ed, ne\u017e si najdou byt. Je to\u00a0stejn\u00e1 rodina, kter\u00e1 tu byla p\u0159ed 2 lety. K jejich m\u011bstu se bl\u00ed\u017e\u00ed fronta.<\/li>\n\n\n\n<li><strong>D\u0159evo z farn\u00edho lesa<\/strong>\u00a0mo\u017en\u00e9 zakoupit, kontaktujte pana far\u00e1\u0159e nebo na\u0161eho lesn\u00edka\u00a0pana Handl\u00ed\u0159e.<\/li>\n\n\n\n<li><strong>Brig\u00e1da ve farn\u00edm lese v sobotu 16.11.,\u00a0<\/strong>sraz v 9 h na m\u00edst\u011b. \u010ci\u0161t\u011bn\u00ed n\u00e1let\u016f a po t\u011b\u017eb\u011b,\u00a0s mo\u017enost\u00ed z\u00edskat d\u0159evo.<\/li>\n\n\n\n<li><strong>Komunitn\u00ed centrum P.F.X.Mimry:\u00a0<\/strong>p\u0159edn\u00e1\u0161ka Ji\u017en\u00ed Afrika P.Jana Linharta 21.11.<\/li>\n\n\n\n<li><strong>V\u00e1noce pro Mikulovice \u2013<\/strong>\u00a0m\u016f\u017eete podpo\u0159it vytopen\u00e9 obyvatele obce Mikulovice a\u00a0<strong>up\u00e9ct jim cukrov\u00ed<\/strong>. Druh nerozhoduje. Term\u00edn 5.12. (oslavu maj\u00ed 7.12.), odvoz\u00a0zaji\u0161t\u011bn. P\u0159edpokl\u00e1dan\u00e9 mno\u017estv\u00ed napi\u0161te SMS na tel. 732 536 873. D\u011bkuji!<\/li>\n\n\n\n<li><strong>Ve\u010der mlad\u00fdch v p\u00e1tek 8.11. v Chrudimi<\/strong>. V 18 h m\u0161e, program na fa\u0159e, hostem\u00a0hudebn\u00edk Filip Mana.<\/li>\n\n\n\n<li><strong>Postn\u00ed duchovn\u00ed obnovy 2025:\u00a0<\/strong>\n<ul class=\"wp-block-list\">\n<li>\u017eeny v Rokoli 21. \u2013 23.2., <\/li>\n\n\n\n<li>mu\u017ei v Kr\u00e1l\u00edk\u00e1ch 7. \u2013 9.3.<\/li>\n<\/ul>\n<\/li>\n\n\n\n<li><strong>Katolick\u00fd t\u00fdden\u00edk:<\/strong>\u00a0Podpis smlouvy s Vatik\u00e1nem; T\u00e9ma: Na p\u0159\u00edmluvu svat\u00fdch;\u00a0Perspektivy: Pol\u00e1ky d\u011bl\u00ed v\u00fduka n\u00e1bo\u017eenstv\u00ed; rozhovor s P. Massimo Fusarelli; Doma:\u00a0Du\u0161i\u010dky po \u00famrt\u00ed bl\u00edzk\u00e9ho.<\/li>\n<\/ul>\n\n\n\n<hr class=\"wp-block-separator has-alpha-channel-opacity\"\/>\n","protected":false},"excerpt":{"rendered":"","protected":false},"author":1,"featured_media":0,"comment_status":"closed","ping_status":"open","sticky":false,"template":"","format":"standard","meta":{"_monsterinsights_skip_tracking":false,"_monsterinsights_sitenote_active":false,"_monsterinsights_sitenote_note":"","_monsterinsights_sitenote_category":0,"footnotes":""},"categories":[3],"tags":[],"class_list":["post-2239","post","type-post","status-publish","format-standard","hentry","category-ohlasky"],"_links":{"self":[{"href":"https:\/\/www.farnostrana.cz\/index.php?rest_route=\/wp\/v2\/posts\/2239","targetHints":{"allow":["GET"]}}],"collection":[{"href":"https:\/\/www.farnostrana.cz\/index.php?rest_route=\/wp\/v2\/posts"}],"about":[{"href":"https:\/\/www.farnostrana.cz\/index.php?rest_route=\/wp\/v2\/types\/post"}],"author":[{"embeddable":true,"href":"https:\/\/www.farnostrana.cz\/index.php?rest_route=\/wp\/v2\/users\/1"}],"replies":[{"embeddable":true,"href":"https:\/\/www.farnostrana.cz\/index.php?rest_route=%2Fwp%2Fv2%2Fcomments&post=2239"}],"version-history":[{"count":1,"href":"https:\/\/www.farnostrana.cz\/index.php?rest_route=\/wp\/v2\/posts\/2239\/revisions"}],"predecessor-version":[{"id":2240,"href":"https:\/\/www.farnostrana.cz\/index.php?rest_route=\/wp\/v2\/posts\/2239\/revisions\/2240"}],"wp:attachment":[{"href":"https:\/\/www.farnostrana.cz\/index.php?rest_route=%2Fwp%2Fv2%2Fmedia&parent=2239"}],"wp:term":[{"taxonomy":"category","embeddable":true,"href":"https:\/\/www.farnostrana.cz\/index.php?rest_route=%2Fwp%2Fv2%2Fcategories&post=2239"},{"taxonomy":"post_tag","embeddable":true,"href":"https:\/\/www.farnostrana.cz\/index.php?rest_route=%2Fwp%2Fv2%2Ftags&post=2239"}],"curies":[{"name":"wp","href":"https:\/\/api.w.org\/{rel}","templated":true}]}}