{"id":2237,"date":"2024-10-26T19:37:29","date_gmt":"2024-10-26T17:37:29","guid":{"rendered":"https:\/\/www.farnostrana.cz\/?p=2237"},"modified":"2024-10-26T19:37:36","modified_gmt":"2024-10-26T17:37:36","slug":"ohlasky-30-nedele-v-mezidobi-27-10-2024","status":"publish","type":"post","link":"https:\/\/www.farnostrana.cz\/?p=2237","title":{"rendered":"Ohl\u00e1\u0161ky &#8211; 30. ned\u011ble v mezidob\u00ed 27. 10. 2024"},"content":{"rendered":"\n<p><\/p>\n\n\n\n<ul class=\"wp-block-list\">\n<li><strong>M\u0161e sv.:<\/strong>\u00a0\u00a0\n<ul class=\"wp-block-list\">\n<li>v p\u00e1tek 1.11. v 18 h s adorac\u00ed,<\/li>\n\n\n\n<li>v sobotu\u00a0 2.11.\n<ul class=\"wp-block-list\">\n<li> v 8 h Holet\u00edn + h\u0159bitov a <\/li>\n\n\n\n<li>v 10 h na Ran\u00e9\u00a0+ h\u0159bitov. <\/li>\n<\/ul>\n<\/li>\n\n\n\n<li>v ned\u011bli 3.11. \n<ul class=\"wp-block-list\">\n<li>v 8 h posv\u00edcen\u00ed Holet\u00edn, <\/li>\n\n\n\n<li>v 9:30 h Ran\u00e1.<\/li>\n<\/ul>\n<\/li>\n<\/ul>\n<\/li>\n\n\n\n<li><strong>Plnomocn\u00e9 odpustky pro zem\u0159el\u00e9 od 1. do 8. 11.<\/strong>\u00a0m\u016f\u017eete z\u00edskat za obvykl\u00fdch\u00a0podm\u00ednek.<\/li>\n\n\n\n<li><strong>Ubytovali jsme v KC uprchl\u00edky z Ukrajiny\u00a0<\/strong>na n\u011bkolik dn\u00ed, ne\u017e si najdou byt. Je to\u00a0stejn\u00e1 rodina, kter\u00e1 tu byla p\u0159ed 2 lety. K jejich m\u011bstu se bl\u00ed\u017e\u00ed fronta.<\/li>\n\n\n\n<li><strong>D\u0159evo z farn\u00edho lesa<\/strong>\u00a0mo\u017en\u00e9 zakoupit, kontaktujte pana far\u00e1\u0159e nebo na\u0161eho lesn\u00edka\u00a0pana Handl\u00ed\u0159e.<\/li>\n\n\n\n<li><strong>Brig\u00e1da ve farn\u00edm lese v sobotu 16.11.,\u00a0<\/strong>sraz v 9 h na m\u00edst\u011b. \u010ci\u0161t\u011bn\u00ed n\u00e1let\u016f a po t\u011b\u017eb\u011b,\u00a0s mo\u017enost\u00ed z\u00edskat d\u0159evo.<\/li>\n\n\n\n<li><strong>Komunitn\u00ed centrum P.F.X.Mimry:\u00a0<\/strong>p\u0159edn\u00e1\u0161ka Ji\u017en\u00ed Afrika P.Jana Linharta 21.11.<\/li>\n\n\n\n<li><strong>Postn\u00ed duchovn\u00ed obnovy 2025:\u00a0<\/strong>\u017eeny v Rokoli 21. \u2013 23.2., mu\u017ei v Kr\u00e1l\u00edk\u00e1ch 7. \u2013 9.3.<\/li>\n\n\n\n<li><strong>Katolick\u00fd t\u00fdden\u00edk:<\/strong>\u00a0Troj\u00ed inspirace pro farnosti; T\u00e9ma: M\u016f\u017ee \u010dlov\u011bk urazit Boha?;\u00a0Perspektivy: Slova, kter\u00e1 lidi nezapomenou; rozhovor s P.Janem Kotasem; Doma: Do\u00a0kostela jen s jedn\u00edm rodi\u010dem.<\/li>\n<\/ul>\n\n\n\n<hr class=\"wp-block-separator has-alpha-channel-opacity\"\/>\n","protected":false},"excerpt":{"rendered":"","protected":false},"author":1,"featured_media":0,"comment_status":"closed","ping_status":"open","sticky":false,"template":"","format":"standard","meta":{"_monsterinsights_skip_tracking":false,"_monsterinsights_sitenote_active":false,"_monsterinsights_sitenote_note":"","_monsterinsights_sitenote_category":0,"footnotes":""},"categories":[3],"tags":[],"class_list":["post-2237","post","type-post","status-publish","format-standard","hentry","category-ohlasky"],"_links":{"self":[{"href":"https:\/\/www.farnostrana.cz\/index.php?rest_route=\/wp\/v2\/posts\/2237","targetHints":{"allow":["GET"]}}],"collection":[{"href":"https:\/\/www.farnostrana.cz\/index.php?rest_route=\/wp\/v2\/posts"}],"about":[{"href":"https:\/\/www.farnostrana.cz\/index.php?rest_route=\/wp\/v2\/types\/post"}],"author":[{"embeddable":true,"href":"https:\/\/www.farnostrana.cz\/index.php?rest_route=\/wp\/v2\/users\/1"}],"replies":[{"embeddable":true,"href":"https:\/\/www.farnostrana.cz\/index.php?rest_route=%2Fwp%2Fv2%2Fcomments&post=2237"}],"version-history":[{"count":1,"href":"https:\/\/www.farnostrana.cz\/index.php?rest_route=\/wp\/v2\/posts\/2237\/revisions"}],"predecessor-version":[{"id":2238,"href":"https:\/\/www.farnostrana.cz\/index.php?rest_route=\/wp\/v2\/posts\/2237\/revisions\/2238"}],"wp:attachment":[{"href":"https:\/\/www.farnostrana.cz\/index.php?rest_route=%2Fwp%2Fv2%2Fmedia&parent=2237"}],"wp:term":[{"taxonomy":"category","embeddable":true,"href":"https:\/\/www.farnostrana.cz\/index.php?rest_route=%2Fwp%2Fv2%2Fcategories&post=2237"},{"taxonomy":"post_tag","embeddable":true,"href":"https:\/\/www.farnostrana.cz\/index.php?rest_route=%2Fwp%2Fv2%2Ftags&post=2237"}],"curies":[{"name":"wp","href":"https:\/\/api.w.org\/{rel}","templated":true}]}}