{"id":2234,"date":"2024-10-19T21:02:25","date_gmt":"2024-10-19T19:02:25","guid":{"rendered":"https:\/\/www.farnostrana.cz\/?p=2234"},"modified":"2024-10-19T21:02:45","modified_gmt":"2024-10-19T19:02:45","slug":"ohlasky-29-nedele-v-mezidobi-20-10-2024","status":"publish","type":"post","link":"https:\/\/www.farnostrana.cz\/?p=2234","title":{"rendered":"Ohl\u00e1\u0161ky \u2013 29. ned\u011ble v mezidob\u00ed 20. 10. 2024"},"content":{"rendered":"\n<p><\/p>\n\n\n\n<ul class=\"wp-block-list\">\n<li><strong>M\u0161e sv.:<\/strong>\u00a0\u00a0\n<ul class=\"wp-block-list\">\n<li>v p\u00e1tek v 18 h za \u010dleny \u017div\u00e9ho r\u016f\u017eence s n\u00e1sledn\u00fdm posezen\u00edm na fa\u0159e,\u00a0<\/li>\n\n\n\n<li>v ned\u011bli v 9:30 h. <\/li>\n<\/ul>\n<\/li>\n\n\n\n<li>Du\u0161i\u010dky: \n<ul class=\"wp-block-list\">\n<li>1.11. v 18 h s adorac\u00ed, <\/li>\n\n\n\n<li>2.11. v 8 h Holet\u00edn + h\u0159bitov a v 10\u00a0h na Ran\u00e9 + h\u0159bitov. <\/li>\n\n\n\n<li>3.11. v 8 h posv\u00edcen\u00ed Holet\u00edn, <\/li>\n\n\n\n<li>v 9:30 h Ran\u00e1.<\/li>\n<\/ul>\n<\/li>\n\n\n\n<li><strong>Zpov\u00edd\u00e1n\u00ed v p\u00e1tek<\/strong>\u00a0na fa\u0159e a v kostele od 15 h.<\/li>\n\n\n\n<li><strong>Sb\u00edrky:\u00a0<\/strong>dnes na misie.<\/li>\n\n\n\n<li><strong>S\u010d\u00edt\u00e1n\u00ed v\u011b\u0159\u00edc\u00edch\u00a0<\/strong>minulou ned\u011bli: 175 osob, z toho 70 v\u00fdd\u011ble\u010dn\u011b \u010dinn\u00fdch, sb\u00edrka 7 464\u00a0K\u010d.<\/li>\n\n\n\n<li><strong>Pastora\u010dn\u00ed rada farnosti:<\/strong>\u00a0z\u00e1pis na v\u00fdv\u011bsce a ne webu<strong>.\u00a0<\/strong>Hlavn\u00ed byla diskuse o plesu \u2013\u00a0budeme pokra\u010dovat. N\u011bkolik akc\u00ed do konce roku, v\u010detn\u011b nab\u00eddek do Svat\u00e9ho roku.<\/li>\n\n\n\n<li><strong>Komunitn\u00ed centrum P.F.X.Mimry:\u00a0<\/strong>p\u0159edn\u00e1\u0161ka Ji\u017en\u00ed Afrika P.Jana Linharta 21.11.<\/li>\n\n\n\n<li><strong>Nab\u00eddka k\u0159es\u0165ansk\u00e9ho \u010dasopisu Duha, nov\u00e1 grafika, k nahl\u00e9dnut\u00ed v kostele.<\/strong><\/li>\n\n\n\n<li><strong>Dnes od 15 h<\/strong>\u00a0na evangelick\u00e9 fa\u0159e v Ran\u00e9\u00a0<strong>\u201eP\u0159\u00edb\u011bh dior\u00e1my \u2013 svatba brou\u010dk\u016f.\u201c<\/strong><\/li>\n\n\n\n<li><strong>Postn\u00ed duchovn\u00ed obnovy 2025:\u00a0<\/strong>\u017eeny v Rokoli 21. \u2013 23.2., mu\u017ei v Kr\u00e1l\u00edk\u00e1ch 7. \u2013 9.3.<\/li>\n\n\n\n<li>Od soboty do st\u0159edy budu m\u00edt dovolenou, zastupuje P.Josef Posp\u00ed\u0161il.<\/li>\n\n\n\n<li><strong>Katolick\u00fd t\u00fdden\u00edk:<\/strong>\u00a0Synoda ukazuje bohatstv\u00ed c\u00edrkve; T\u00e9ma: Jierzy Popieluszko;\u00a0Perspektivy: Startovn\u00ed \u010d\u00e1ra nen\u00ed stejn\u00e1; rozhovor Tom\u00e1\u0161em Buttou z C\u010cH; Velk\u00e1 letn\u00ed\u00a0sout\u011b\u017e \u2013 v\u00fdherci.<\/li>\n<\/ul>\n\n\n\n<hr class=\"wp-block-separator has-alpha-channel-opacity\"\/>\n","protected":false},"excerpt":{"rendered":"","protected":false},"author":1,"featured_media":0,"comment_status":"closed","ping_status":"open","sticky":false,"template":"","format":"standard","meta":{"_monsterinsights_skip_tracking":false,"_monsterinsights_sitenote_active":false,"_monsterinsights_sitenote_note":"","_monsterinsights_sitenote_category":0,"footnotes":""},"categories":[3],"tags":[],"class_list":["post-2234","post","type-post","status-publish","format-standard","hentry","category-ohlasky"],"_links":{"self":[{"href":"https:\/\/www.farnostrana.cz\/index.php?rest_route=\/wp\/v2\/posts\/2234","targetHints":{"allow":["GET"]}}],"collection":[{"href":"https:\/\/www.farnostrana.cz\/index.php?rest_route=\/wp\/v2\/posts"}],"about":[{"href":"https:\/\/www.farnostrana.cz\/index.php?rest_route=\/wp\/v2\/types\/post"}],"author":[{"embeddable":true,"href":"https:\/\/www.farnostrana.cz\/index.php?rest_route=\/wp\/v2\/users\/1"}],"replies":[{"embeddable":true,"href":"https:\/\/www.farnostrana.cz\/index.php?rest_route=%2Fwp%2Fv2%2Fcomments&post=2234"}],"version-history":[{"count":2,"href":"https:\/\/www.farnostrana.cz\/index.php?rest_route=\/wp\/v2\/posts\/2234\/revisions"}],"predecessor-version":[{"id":2236,"href":"https:\/\/www.farnostrana.cz\/index.php?rest_route=\/wp\/v2\/posts\/2234\/revisions\/2236"}],"wp:attachment":[{"href":"https:\/\/www.farnostrana.cz\/index.php?rest_route=%2Fwp%2Fv2%2Fmedia&parent=2234"}],"wp:term":[{"taxonomy":"category","embeddable":true,"href":"https:\/\/www.farnostrana.cz\/index.php?rest_route=%2Fwp%2Fv2%2Fcategories&post=2234"},{"taxonomy":"post_tag","embeddable":true,"href":"https:\/\/www.farnostrana.cz\/index.php?rest_route=%2Fwp%2Fv2%2Ftags&post=2234"}],"curies":[{"name":"wp","href":"https:\/\/api.w.org\/{rel}","templated":true}]}}