{"id":2131,"date":"2024-05-18T21:34:08","date_gmt":"2024-05-18T19:34:08","guid":{"rendered":"https:\/\/www.farnostrana.cz\/?p=2131"},"modified":"2024-05-18T21:34:12","modified_gmt":"2024-05-18T19:34:12","slug":"ohlasky-slavnost-seslani-ducha-svateho-19-5-2024","status":"publish","type":"post","link":"https:\/\/www.farnostrana.cz\/?p=2131","title":{"rendered":"Ohl\u00e1\u0161ky \u2013 slavnost Sesl\u00e1n\u00ed Ducha svat\u00e9ho 19. 5. 2024"},"content":{"rendered":"\n<ul class=\"wp-block-list\">\n<li><strong>M\u0161e sv.:<\/strong>\u00a0\u00a0\n<ul class=\"wp-block-list\">\n<li>v p\u00e1tek v 18 h, <\/li>\n\n\n\n<li>v ned\u011bli v 9:30 h.<\/li>\n<\/ul>\n<\/li>\n\n\n\n<li><strong>M\u00e1jov\u00e9 pobo\u017enosti:\u00a0<\/strong>\n<ul class=\"wp-block-list\">\n<li>v kostele ka\u017ed\u00fd p\u00e1tek po m\u0161i, <\/li>\n\n\n\n<li>v Old\u0159etic\u00edch ka\u017ed\u00fd \u010dtvrtek a\u00a0ned\u011bli v 18 h. <\/li>\n\n\n\n<li>V Podskale ka\u017ed\u00e9 pond\u011bl\u00ed \u2013 viz plak\u00e1tek.<\/li>\n<\/ul>\n<\/li>\n\n\n\n<li><strong>Sb\u00edrky:\u00a0<\/strong>p\u0159\u00ed\u0161t\u00ed ned\u011bli<strong>\u00a0<\/strong>na pastoraci diec\u00e9ze.<\/li>\n\n\n\n<li><strong>Brig\u00e1da na se\u010den\u00ed tr\u00e1vy kolem kostela v \u00fater\u00fd od 17 h.<\/strong><\/li>\n\n\n\n<li><strong>Komunitn\u00ed centrum P.F.X.Mimry:<\/strong>\u00a0d\u011bkuji za pomoc s n\u00e1v\u0161t\u011bvou farn\u00edk\u016f z Brna \u2013\u00a0Kohoutovic.<\/li>\n\n\n\n<li><strong>P\u0159ihl\u00e1\u0161ky na farn\u00ed t\u00e1bor v Trst\u011bnici<\/strong>\u00a0si m\u016f\u017eete st\u00e1hnout z farn\u00edho webu nebo vz\u00edt na\u00a0stole\u010dku.<\/li>\n\n\n\n<li><strong>Katolick\u00fd t\u00fdden\u00edk:<\/strong>\u00a0Pape\u017e vyhl\u00e1sil svat\u00fd rok; T\u00e9ma: jubilant Karel Skalick\u00fd;\u00a0Perspektivy: \u010c\u00edst P\u00edsmo s Duchem svat\u00fdm; rozhovor s Matejem Cib\u00edkem; Doma:\u00a0Bi\u0159mov\u00e1n\u00ed.<\/li>\n<\/ul>\n\n\n\n<hr class=\"wp-block-separator has-alpha-channel-opacity\"\/>\n","protected":false},"excerpt":{"rendered":"","protected":false},"author":1,"featured_media":0,"comment_status":"closed","ping_status":"open","sticky":false,"template":"","format":"standard","meta":{"_monsterinsights_skip_tracking":false,"_monsterinsights_sitenote_active":false,"_monsterinsights_sitenote_note":"","_monsterinsights_sitenote_category":0,"footnotes":""},"categories":[3],"tags":[],"class_list":["post-2131","post","type-post","status-publish","format-standard","hentry","category-ohlasky"],"_links":{"self":[{"href":"https:\/\/www.farnostrana.cz\/index.php?rest_route=\/wp\/v2\/posts\/2131","targetHints":{"allow":["GET"]}}],"collection":[{"href":"https:\/\/www.farnostrana.cz\/index.php?rest_route=\/wp\/v2\/posts"}],"about":[{"href":"https:\/\/www.farnostrana.cz\/index.php?rest_route=\/wp\/v2\/types\/post"}],"author":[{"embeddable":true,"href":"https:\/\/www.farnostrana.cz\/index.php?rest_route=\/wp\/v2\/users\/1"}],"replies":[{"embeddable":true,"href":"https:\/\/www.farnostrana.cz\/index.php?rest_route=%2Fwp%2Fv2%2Fcomments&post=2131"}],"version-history":[{"count":1,"href":"https:\/\/www.farnostrana.cz\/index.php?rest_route=\/wp\/v2\/posts\/2131\/revisions"}],"predecessor-version":[{"id":2132,"href":"https:\/\/www.farnostrana.cz\/index.php?rest_route=\/wp\/v2\/posts\/2131\/revisions\/2132"}],"wp:attachment":[{"href":"https:\/\/www.farnostrana.cz\/index.php?rest_route=%2Fwp%2Fv2%2Fmedia&parent=2131"}],"wp:term":[{"taxonomy":"category","embeddable":true,"href":"https:\/\/www.farnostrana.cz\/index.php?rest_route=%2Fwp%2Fv2%2Fcategories&post=2131"},{"taxonomy":"post_tag","embeddable":true,"href":"https:\/\/www.farnostrana.cz\/index.php?rest_route=%2Fwp%2Fv2%2Ftags&post=2131"}],"curies":[{"name":"wp","href":"https:\/\/api.w.org\/{rel}","templated":true}]}}