{"id":2121,"date":"2024-04-27T21:36:54","date_gmt":"2024-04-27T19:36:54","guid":{"rendered":"https:\/\/www.farnostrana.cz\/?p=2121"},"modified":"2024-04-27T21:37:18","modified_gmt":"2024-04-27T19:37:18","slug":"ohlasky-5-nedele-velikonocni-28-4-2024","status":"publish","type":"post","link":"https:\/\/www.farnostrana.cz\/?p=2121","title":{"rendered":"Ohl\u00e1\u0161ky \u2013 5. ned\u011ble velikono\u010dn\u00ed 28. 4. 2024"},"content":{"rendered":"\n<p><\/p>\n\n\n\n<ul class=\"wp-block-list\">\n<li><strong>M\u0161e sv.:<\/strong>\u00a0\u00a0\n<ul class=\"wp-block-list\">\n<li>v p\u00e1tek v 18 h s adorac\u00ed, <\/li>\n\n\n\n<li>v ned\u011bli v 8 h Holet\u00edn a v 9:30 h Ran\u00e1.<\/li>\n<\/ul>\n<\/li>\n\n\n\n<li><strong>M\u00e1jov\u00e9 pobo\u017enosti:\u00a0<\/strong>\n<ul class=\"wp-block-list\">\n<li>v kostele ka\u017ed\u00fd p\u00e1tek po m\u0161i, <\/li>\n\n\n\n<li>v Old\u0159etic\u00edch ka\u017ed\u00fd \u010dtvrtek a\u00a0ned\u011bli v 18 h. <\/li>\n\n\n\n<li>V Podskale ka\u017ed\u00e9 pond\u011bl\u00ed \u2013 viz plak\u00e1tek.<\/li>\n<\/ul>\n<\/li>\n\n\n\n<li><strong>Sb\u00edrky:\u00a0<\/strong>dnes<strong>\u00a0<\/strong>na kn\u011b\u017esk\u00fd semin\u00e1\u0159, p\u0159\u00ed\u0161t\u00ed ned\u011bli na pron\u00e1sledovan\u00e9 k\u0159es\u0165any.<\/li>\n\n\n\n<li><strong>D\u011bkuji za v\u010derej\u0161\u00ed brig\u00e1du\u00a0<\/strong>skl\u00e1d\u00e1n\u00ed prken 5 mu\u017e\u016fm; bude se d\u011blat dal\u0161\u00ed \u010d\u00e1st plotu\u00a0kolem fary.<\/li>\n\n\n\n<li><strong>Komunitn\u00ed centrum P.F.X.Mimry:<\/strong>\u00a0p\u0159ipravuje se dal\u0161\u00ed program.<\/li>\n\n\n\n<li><strong>P\u011b\u0161\u00ed pou\u0165<\/strong>\u00a0na\u0161ich farnost\u00ed\u00a0<strong>do Lu\u017ee bude 1.5.<\/strong>\u00a0Odchod v 9 h od kostela, m\u0161e sv. ve 14.<\/li>\n\n\n\n<li><strong>Farn\u00ed pou\u0165 do Kl\u00e1\u0161terce nad Orlic\u00ed a do Kostelce bude 11.<\/strong>\u00a0<strong>kv\u011btna.<\/strong>\u00a0<strong>P\u0159ihla\u0161ujte se\u00a0<\/strong><strong>na stole\u010dku v kostele<\/strong>. Cena dopravy 250\/100, ob\u011bd 200, z\u00e1mek 210\/160. Odjezd v 7\u00a0h od kostela.<\/li>\n\n\n\n<li><strong>P\u0159ihl\u00e1\u0161ky na farn\u00ed t\u00e1bor v Trst\u011bnici<\/strong>\u00a0si m\u016f\u017eete st\u00e1hnout z farn\u00edho webu nebo vz\u00edt na\u00a0stole\u010dku.<\/li>\n\n\n\n<li><strong>Katolick\u00fd t\u00fdden\u00edk:<\/strong>\u00a0P\u0159\u00edhodn\u00e1 \u010das pro Evropu; T\u00e9ma: Setk\u00e1n\u00ed Taiz\u00e9; Perspektivy:\u00a0\u201eObnoven\u00ed po\u0159\u00e1dku\u201c v c\u00edrkvi; rozhovor s Jaroslavem Kr\u010dkem; Doma: V\u00fdchova a trest.<\/li>\n<\/ul>\n\n\n\n<hr class=\"wp-block-separator has-alpha-channel-opacity\"\/>\n\n\n\n<p><\/p>\n","protected":false},"excerpt":{"rendered":"","protected":false},"author":1,"featured_media":0,"comment_status":"closed","ping_status":"open","sticky":false,"template":"","format":"standard","meta":{"_monsterinsights_skip_tracking":false,"_monsterinsights_sitenote_active":false,"_monsterinsights_sitenote_note":"","_monsterinsights_sitenote_category":0,"footnotes":""},"categories":[3],"tags":[],"class_list":["post-2121","post","type-post","status-publish","format-standard","hentry","category-ohlasky"],"_links":{"self":[{"href":"https:\/\/www.farnostrana.cz\/index.php?rest_route=\/wp\/v2\/posts\/2121","targetHints":{"allow":["GET"]}}],"collection":[{"href":"https:\/\/www.farnostrana.cz\/index.php?rest_route=\/wp\/v2\/posts"}],"about":[{"href":"https:\/\/www.farnostrana.cz\/index.php?rest_route=\/wp\/v2\/types\/post"}],"author":[{"embeddable":true,"href":"https:\/\/www.farnostrana.cz\/index.php?rest_route=\/wp\/v2\/users\/1"}],"replies":[{"embeddable":true,"href":"https:\/\/www.farnostrana.cz\/index.php?rest_route=%2Fwp%2Fv2%2Fcomments&post=2121"}],"version-history":[{"count":1,"href":"https:\/\/www.farnostrana.cz\/index.php?rest_route=\/wp\/v2\/posts\/2121\/revisions"}],"predecessor-version":[{"id":2122,"href":"https:\/\/www.farnostrana.cz\/index.php?rest_route=\/wp\/v2\/posts\/2121\/revisions\/2122"}],"wp:attachment":[{"href":"https:\/\/www.farnostrana.cz\/index.php?rest_route=%2Fwp%2Fv2%2Fmedia&parent=2121"}],"wp:term":[{"taxonomy":"category","embeddable":true,"href":"https:\/\/www.farnostrana.cz\/index.php?rest_route=%2Fwp%2Fv2%2Fcategories&post=2121"},{"taxonomy":"post_tag","embeddable":true,"href":"https:\/\/www.farnostrana.cz\/index.php?rest_route=%2Fwp%2Fv2%2Ftags&post=2121"}],"curies":[{"name":"wp","href":"https:\/\/api.w.org\/{rel}","templated":true}]}}