{"id":2119,"date":"2024-04-20T20:53:54","date_gmt":"2024-04-20T18:53:54","guid":{"rendered":"https:\/\/www.farnostrana.cz\/?p=2119"},"modified":"2024-04-20T20:54:16","modified_gmt":"2024-04-20T18:54:16","slug":"ohlasky-4-nedele-velikonocni-21-4-2024","status":"publish","type":"post","link":"https:\/\/www.farnostrana.cz\/?p=2119","title":{"rendered":"Ohl\u00e1\u0161ky \u2013 4. ned\u011ble velikono\u010dn\u00ed 21. 4. 2024"},"content":{"rendered":"\n<ul class=\"wp-block-list\">\n<li><strong>M\u0161e sv.:<\/strong>\u00a0\u00a0\n<ul class=\"wp-block-list\">\n<li>v p\u00e1tek v 18 h, <\/li>\n\n\n\n<li>v ned\u011bli v 9:30 h.<\/li>\n<\/ul>\n<\/li>\n\n\n\n<li><strong>Sb\u00edrky:\u00a0<\/strong>\n<ul class=\"wp-block-list\">\n<li>dnes<strong>\u00a0<\/strong>Tich\u00e1 na opravy, <\/li>\n\n\n\n<li>p\u0159\u00ed\u0161t\u00ed ned\u011bli na kn\u011b\u017esk\u00fd semin\u00e1\u0159<\/li>\n<\/ul>\n<\/li>\n\n\n\n<li><strong>Z\u00e1pis z jedn\u00e1n\u00ed Pastora\u010dn\u00ed rady\u00a0<\/strong>je na v\u00fdv\u011bsce. Hlavn\u00ed body: hled\u00e1me nov\u00e9ho\u00a0koordin\u00e1tora program\u016f KC, ples \u2013 nov\u00fd plak\u00e1t a propagace.<\/li>\n\n\n\n<li><strong>Komunitn\u00ed centrum P.F.X.Mimry:<\/strong>\u00a0p\u0159ipravuje se dal\u0161\u00ed program.<\/li>\n\n\n\n<li><strong>P\u011b\u0161\u00ed pou\u0165<\/strong>\u00a0na\u0161ich farnost\u00ed\u00a0<strong>do Lu\u017ee bude 1.5.<\/strong>\u00a0Odchod v 9 h od kostela, m\u0161e sv. ve 14.<\/li>\n\n\n\n<li><strong>Farn\u00ed pou\u0165 do Kl\u00e1\u0161terce nad Orlic\u00ed a do Kostelce bude 11.<\/strong>\u00a0<strong>kv\u011btna.<\/strong>\u00a0<strong>P\u0159ihla\u0161ujte se\u00a0<\/strong><strong>na stole\u010dku v kostele<\/strong>. Cena dopravy 250\/100, ob\u011bd 200, z\u00e1mek 210\/160. Odjezd v 7\u00a0h od kostela.<\/li>\n\n\n\n<li><strong>P\u0159ihl\u00e1\u0161ky na farn\u00ed t\u00e1bor v Trst\u011bnici<\/strong>\u00a0si m\u016f\u017eete st\u00e1hnout z farn\u00edho webu nebo vz\u00edt na\u00a0stole\u010dku.<\/li>\n\n\n\n<li><strong>Katolick\u00fd t\u00fdden\u00edk:<\/strong>\u00a0Nov\u00fd pape\u017esk\u00fd dokument o lidsk\u00e9 d\u016fstojnosti; T\u00e9ma: Dvacet let\u00a0v EU; Perspektivy: Konkurenti, nebo spoluhr\u00e1\u010di; rozhovor s P.Vivianem Bolandem;\u00a0Doma: D\u011blba pr\u00e1ce.<\/li>\n<\/ul>\n","protected":false},"excerpt":{"rendered":"","protected":false},"author":1,"featured_media":0,"comment_status":"closed","ping_status":"open","sticky":false,"template":"","format":"standard","meta":{"_monsterinsights_skip_tracking":false,"_monsterinsights_sitenote_active":false,"_monsterinsights_sitenote_note":"","_monsterinsights_sitenote_category":0,"footnotes":""},"categories":[3],"tags":[],"class_list":["post-2119","post","type-post","status-publish","format-standard","hentry","category-ohlasky"],"_links":{"self":[{"href":"https:\/\/www.farnostrana.cz\/index.php?rest_route=\/wp\/v2\/posts\/2119","targetHints":{"allow":["GET"]}}],"collection":[{"href":"https:\/\/www.farnostrana.cz\/index.php?rest_route=\/wp\/v2\/posts"}],"about":[{"href":"https:\/\/www.farnostrana.cz\/index.php?rest_route=\/wp\/v2\/types\/post"}],"author":[{"embeddable":true,"href":"https:\/\/www.farnostrana.cz\/index.php?rest_route=\/wp\/v2\/users\/1"}],"replies":[{"embeddable":true,"href":"https:\/\/www.farnostrana.cz\/index.php?rest_route=%2Fwp%2Fv2%2Fcomments&post=2119"}],"version-history":[{"count":1,"href":"https:\/\/www.farnostrana.cz\/index.php?rest_route=\/wp\/v2\/posts\/2119\/revisions"}],"predecessor-version":[{"id":2120,"href":"https:\/\/www.farnostrana.cz\/index.php?rest_route=\/wp\/v2\/posts\/2119\/revisions\/2120"}],"wp:attachment":[{"href":"https:\/\/www.farnostrana.cz\/index.php?rest_route=%2Fwp%2Fv2%2Fmedia&parent=2119"}],"wp:term":[{"taxonomy":"category","embeddable":true,"href":"https:\/\/www.farnostrana.cz\/index.php?rest_route=%2Fwp%2Fv2%2Fcategories&post=2119"},{"taxonomy":"post_tag","embeddable":true,"href":"https:\/\/www.farnostrana.cz\/index.php?rest_route=%2Fwp%2Fv2%2Ftags&post=2119"}],"curies":[{"name":"wp","href":"https:\/\/api.w.org\/{rel}","templated":true}]}}