{"id":2022,"date":"2023-12-30T21:18:14","date_gmt":"2023-12-30T19:18:14","guid":{"rendered":"https:\/\/www.farnostrana.cz\/?p=2022"},"modified":"2023-12-30T21:18:30","modified_gmt":"2023-12-30T19:18:30","slug":"ohlasky-svatek-svate-rodiny-31-12-2023","status":"publish","type":"post","link":"https:\/\/www.farnostrana.cz\/?p=2022","title":{"rendered":"Ohl\u00e1\u0161ky \u2013 sv\u00e1tek Svat\u00e9 rodiny 31. 12. 2023"},"content":{"rendered":"\n<p>\u2022 M\u0161e sv.: <\/p>\n\n\n\n<p>na Nov\u00fd rok v 9:30 h, <\/p>\n\n\n\n<p>v \u00fater\u00fd v Holet\u00edn\u011b poh\u0159eb ve 13 h Zde\u0148ka Netolick\u00e1, <\/p>\n\n\n\n<p>v p\u00e1tek poh\u0159eb v Ran\u00e9 v 10 h Marie Ad\u00e1mkov\u00e1, v 18 h m\u0161e sv. s adorac\u00ed. <\/p>\n\n\n\n<p>V sobotu na Zjeven\u00ed P\u00e1n\u011b v 8 h m\u0161e sv. a v 9 h \u017eehn\u00e1n\u00ed koledn\u00edk\u016fm. <\/p>\n\n\n\n<p>V ned\u011bli K\u0159tu P\u00e1n\u011b v 8 h Holet\u00edn a v 9:30 h Ran\u00e1<\/p>\n\n\n\n<p><br>\u2022 Sb\u00edrky: na kn\u011b\u017esk\u00fd semin\u00e1\u0159 3 160 K\u010d, na Domov pro matky 4 447 K\u010d, Tich\u00e1 na opravy 8 440 K\u010d. P\u00e1n B\u016fh zapla\u0165!<\/p>\n\n\n\n<p><br>\u2022 Statistika roku 2023: k\u0159ty 0, svateb 1, poh\u0159b\u016f 10, bi\u0159movan\u00fdch z farnosti 18, 1. sv. p\u0159ij\u00edm\u00e1n\u00ed 2. D\u011bt\u00ed v n\u00e1bo\u017eenstv\u00ed 21, spole\u010denstv\u00ed 4.<\/p>\n\n\n\n<p><br>\u2022 Komunitn\u00ed centrum P.F.X.Mimry: p\u0159ipravuj\u00ed se dal\u0161\u00ed programy.<\/p>\n\n\n\n<p><br>\u2022 Duchovn\u00ed obnovy: <\/p>\n\n\n\n<p>pro mu\u017ee v \u017delivi 16. \u2013 18.2.2024, <\/p>\n\n\n\n<p>pro \u017eeny v Rokoli 1. \u2013 3.3.<\/p>\n\n\n\n<p><br>\u2022 Katolick\u00fd t\u00fdden\u00edk: Tajupln\u00e9 poselstv\u00ed jesli\u010dek; T\u00e9ma: B\u00fdt si nabl\u00edzku; Perspektivy: Terez\u010dina v\u00e1no\u010dn\u00ed noc; rozhovor s P.Stephenem Nesrstou z Texasu; Doma: U babi\u010dky a d\u011bde\u010dka; V\u00e1no\u010dn\u00ed p\u0159\u00edloha KT.<\/p>\n\n\n\n<p><br>Hodn\u011b \u0161t\u011bst\u00ed a Bo\u017e\u00edho po\u017eehn\u00e1n\u00ed do nov\u00e9ho roku p\u0159eje P.Ond\u0159ej Matula<\/p>\n","protected":false},"excerpt":{"rendered":"<p>\u2022 M\u0161e sv.: na Nov\u00fd rok v 9:30 h, v \u00fater\u00fd v Holet\u00edn\u011b poh\u0159eb ve 13 h Zde\u0148ka Netolick\u00e1, v p\u00e1tek poh\u0159eb v Ran\u00e9 v 10 h Marie Ad\u00e1mkov\u00e1, v 18 h m\u0161e sv. s adorac\u00ed. V sobotu na Zjeven\u00ed <a class=\"more-link\" href=\"https:\/\/www.farnostrana.cz\/?p=2022\">Cel\u00fd \u010dl\u00e1nek  <span class=\"screen-reader-text\">  Ohl\u00e1\u0161ky \u2013 sv\u00e1tek Svat\u00e9 rodiny 31. 12. 2023<\/span><span class=\"meta-nav\">&rarr;<\/span><\/a><\/p>\n","protected":false},"author":1,"featured_media":0,"comment_status":"closed","ping_status":"open","sticky":false,"template":"","format":"standard","meta":{"_monsterinsights_skip_tracking":false,"_monsterinsights_sitenote_active":false,"_monsterinsights_sitenote_note":"","_monsterinsights_sitenote_category":0,"footnotes":""},"categories":[3],"tags":[],"class_list":["post-2022","post","type-post","status-publish","format-standard","hentry","category-ohlasky"],"_links":{"self":[{"href":"https:\/\/www.farnostrana.cz\/index.php?rest_route=\/wp\/v2\/posts\/2022","targetHints":{"allow":["GET"]}}],"collection":[{"href":"https:\/\/www.farnostrana.cz\/index.php?rest_route=\/wp\/v2\/posts"}],"about":[{"href":"https:\/\/www.farnostrana.cz\/index.php?rest_route=\/wp\/v2\/types\/post"}],"author":[{"embeddable":true,"href":"https:\/\/www.farnostrana.cz\/index.php?rest_route=\/wp\/v2\/users\/1"}],"replies":[{"embeddable":true,"href":"https:\/\/www.farnostrana.cz\/index.php?rest_route=%2Fwp%2Fv2%2Fcomments&post=2022"}],"version-history":[{"count":1,"href":"https:\/\/www.farnostrana.cz\/index.php?rest_route=\/wp\/v2\/posts\/2022\/revisions"}],"predecessor-version":[{"id":2023,"href":"https:\/\/www.farnostrana.cz\/index.php?rest_route=\/wp\/v2\/posts\/2022\/revisions\/2023"}],"wp:attachment":[{"href":"https:\/\/www.farnostrana.cz\/index.php?rest_route=%2Fwp%2Fv2%2Fmedia&parent=2022"}],"wp:term":[{"taxonomy":"category","embeddable":true,"href":"https:\/\/www.farnostrana.cz\/index.php?rest_route=%2Fwp%2Fv2%2Fcategories&post=2022"},{"taxonomy":"post_tag","embeddable":true,"href":"https:\/\/www.farnostrana.cz\/index.php?rest_route=%2Fwp%2Fv2%2Ftags&post=2022"}],"curies":[{"name":"wp","href":"https:\/\/api.w.org\/{rel}","templated":true}]}}