{"id":2020,"date":"2023-12-23T22:44:31","date_gmt":"2023-12-23T20:44:31","guid":{"rendered":"https:\/\/www.farnostrana.cz\/?p=2020"},"modified":"2023-12-23T22:44:36","modified_gmt":"2023-12-23T20:44:36","slug":"ohlasky-4-nedele-adventni-24-12-2023","status":"publish","type":"post","link":"https:\/\/www.farnostrana.cz\/?p=2020","title":{"rendered":"Ohl\u00e1\u0161ky &#8211; 4. ned\u011ble adventn\u00ed 24. 12. 2023"},"content":{"rendered":"\n<p>\u0158.k. farnost Ran\u00e1 \u2013 <br>\u2022 M\u0161e sv.: <\/p>\n\n\n\n<p>ve 22 h p\u016flno\u010dn\u00ed. <\/p>\n\n\n\n<p>Ostatn\u00ed v tabulce n\u00ed\u017ee. <\/p>\n\n\n\n<p>P\u0159\u00ed\u0161t\u00ed ned\u011bli obnova man\u017eelsk\u00fdch slib\u016f.<\/p>\n\n\n\n<p><br>\u2022 D\u011bkuji za \u00faklid a zdoben\u00ed kostela na v\u00e1noce.<\/p>\n\n\n\n<p><br>\u2022 Betl\u00e9msk\u00e9 sv\u011btlo si m\u016f\u017eete odn\u00e9st po m\u0161i i b\u011bhem dne z\u00edtra. <\/p>\n\n\n\n<p>Kostel bude otev\u0159en\u00e1 dnes i na Bo\u017e\u00ed hod cel\u00fd den.<\/p>\n\n\n\n<p><br>\u2022 Vy\u0161el Zpravodaj farnost\u00ed, vezm\u011bte si na stole\u010dku v kostele.<\/p>\n\n\n\n<p><br>\u2022 Srd\u00ed\u010dka pro d\u011bti jsou op\u011bt na stole\u010dku v kostele. M\u016f\u017eete pos\u00edlat d\u011bti p\u0159i ka\u017ed\u00e9 m\u0161i se srd\u00ed\u010dkem do ob\u011btn\u00edho pr\u016fvodu.<\/p>\n\n\n\n<p><br>\u2022 Komunitn\u00ed centrum P.F.X.Mimry: Jesli\u010dkov\u00e1 pobo\u017enost v \u00fater\u00fd 26.12. od 15 h. Zahraj\u00ed a zazp\u00edvaj\u00ed na\u0161e d\u011bti a vystoup\u00ed s v\u00e1no\u010dn\u00edm divadlem d\u011bt\u00ed z Hrochova T\u00fdnce. <\/p>\n\n\n\n<p>Pros\u00edm, p\u0159ineste trochu cukrov\u00ed \u010di slan\u00e9ho na ob\u010derstven\u00ed. Po skon\u010den\u00ed programu v\u0161echny zveme do Komunitn\u00edho centra!<\/p>\n\n\n\n<p><br>\u2022 Sb\u00edrka na Domov pro matky v Hamrech bude na \u201eP\u016flno\u010dn\u00ed\u201c.<\/p>\n\n\n\n<p><br>\u2022 Duchovn\u00ed obnovy: pro mu\u017ee v \u017delivi 16. \u2013 18.2.2024, pro \u017eeny v Rokoli 1. \u2013 3.3.<\/p>\n\n\n\n<p><br>\u2022 Katolick\u00fd t\u00fdden\u00edk: Tajupln\u00e9 poselstv\u00ed jesli\u010dek; T\u00e9ma: B\u00fdt si nabl\u00edzku; Perspektivy: Terez\u010dina v\u00e1no\u010dn\u00ed noc; rozhovor s P.Stephenem Nesrstou z Texasu; Doma: U babi\u010dky a d\u011bde\u010dka; V\u00e1no\u010dn\u00ed p\u0159\u00edloha KT.<\/p>\n","protected":false},"excerpt":{"rendered":"<p>\u0158.k. farnost Ran\u00e1 \u2013 \u2022 M\u0161e sv.: ve 22 h p\u016flno\u010dn\u00ed. Ostatn\u00ed v tabulce n\u00ed\u017ee. P\u0159\u00ed\u0161t\u00ed ned\u011bli obnova man\u017eelsk\u00fdch slib\u016f. \u2022 D\u011bkuji za \u00faklid a zdoben\u00ed kostela na v\u00e1noce. \u2022 Betl\u00e9msk\u00e9 sv\u011btlo si m\u016f\u017eete odn\u00e9st po m\u0161i i b\u011bhem dne <a class=\"more-link\" href=\"https:\/\/www.farnostrana.cz\/?p=2020\">Cel\u00fd \u010dl\u00e1nek  <span class=\"screen-reader-text\">  Ohl\u00e1\u0161ky &#8211; 4. ned\u011ble adventn\u00ed 24. 12. 2023<\/span><span class=\"meta-nav\">&rarr;<\/span><\/a><\/p>\n","protected":false},"author":1,"featured_media":0,"comment_status":"closed","ping_status":"open","sticky":false,"template":"","format":"standard","meta":{"_monsterinsights_skip_tracking":false,"_monsterinsights_sitenote_active":false,"_monsterinsights_sitenote_note":"","_monsterinsights_sitenote_category":0,"footnotes":""},"categories":[3],"tags":[],"class_list":["post-2020","post","type-post","status-publish","format-standard","hentry","category-ohlasky"],"_links":{"self":[{"href":"https:\/\/www.farnostrana.cz\/index.php?rest_route=\/wp\/v2\/posts\/2020","targetHints":{"allow":["GET"]}}],"collection":[{"href":"https:\/\/www.farnostrana.cz\/index.php?rest_route=\/wp\/v2\/posts"}],"about":[{"href":"https:\/\/www.farnostrana.cz\/index.php?rest_route=\/wp\/v2\/types\/post"}],"author":[{"embeddable":true,"href":"https:\/\/www.farnostrana.cz\/index.php?rest_route=\/wp\/v2\/users\/1"}],"replies":[{"embeddable":true,"href":"https:\/\/www.farnostrana.cz\/index.php?rest_route=%2Fwp%2Fv2%2Fcomments&post=2020"}],"version-history":[{"count":1,"href":"https:\/\/www.farnostrana.cz\/index.php?rest_route=\/wp\/v2\/posts\/2020\/revisions"}],"predecessor-version":[{"id":2021,"href":"https:\/\/www.farnostrana.cz\/index.php?rest_route=\/wp\/v2\/posts\/2020\/revisions\/2021"}],"wp:attachment":[{"href":"https:\/\/www.farnostrana.cz\/index.php?rest_route=%2Fwp%2Fv2%2Fmedia&parent=2020"}],"wp:term":[{"taxonomy":"category","embeddable":true,"href":"https:\/\/www.farnostrana.cz\/index.php?rest_route=%2Fwp%2Fv2%2Fcategories&post=2020"},{"taxonomy":"post_tag","embeddable":true,"href":"https:\/\/www.farnostrana.cz\/index.php?rest_route=%2Fwp%2Fv2%2Ftags&post=2020"}],"curies":[{"name":"wp","href":"https:\/\/api.w.org\/{rel}","templated":true}]}}