{"id":2018,"date":"2023-12-17T22:17:23","date_gmt":"2023-12-17T20:17:23","guid":{"rendered":"https:\/\/www.farnostrana.cz\/?p=2018"},"modified":"2023-12-17T22:17:24","modified_gmt":"2023-12-17T20:17:24","slug":"ohlasky-3-nedele-adventni-17-12-2023","status":"publish","type":"post","link":"https:\/\/www.farnostrana.cz\/?p=2018","title":{"rendered":"Ohl\u00e1\u0161ky \u2013 3. ned\u011ble adventn\u00ed 17. 12. 2023"},"content":{"rendered":"<ul>\n<li><strong>M\u0161e sv.:<\/strong>\n<ul>\n<li style=\"list-style-type: none;\">\n<ul>\n<li>v\u00a0p\u00e1tek v\u00a018 h,<\/li>\n<li>v\u00a0ned\u011bli v 9:30 h adventn\u00ed,<\/li>\n<li>v ned\u011bli ve 22 h p\u016flno\u010dn\u00ed.<\/li>\n<li>Ostatn\u00ed v tabulce na \u00favodn\u00ed str\u00e1nce<\/li>\n<\/ul>\n<\/li>\n<\/ul>\n<\/li>\n<li><strong>\u00daklid a zdoben\u00ed kostela na v\u00e1noce ve st\u0159edu <\/strong>20.12. od 15:30 h.<\/li>\n<li><strong>Vych\u00e1z\u00ed Zpravodaj farnost\u00ed<\/strong>, vezm\u011bte si na stole\u010dku v\u00a0kostele. D\u011bkuji v\u0161em p\u0159isp\u011bvatel\u016fm a redakci!<\/li>\n<li><strong>Srd\u00ed\u010dka pro d\u011bti<\/strong> jsou op\u011bt na stole\u010dku v\u00a0kostele. M\u016f\u017eete pos\u00edlat d\u011bti p\u0159i ka\u017ed\u00e9 m\u0161i se srd\u00ed\u010dkem do ob\u011btn\u00edho pr\u016fvodu.<\/li>\n<li><strong>P\u0159edv\u00e1no\u010dn\u00ed zpov\u00edd\u00e1n\u00ed <\/strong>dnes ve Skut\u010di v\u00a0ned\u011bli od 15 do 18 h.<\/li>\n<li><strong>Komunitn\u00ed centrum P. F. X. Mimry:<\/strong>\n<ul>\n<li style=\"list-style-type: none;\">\n<ul>\n<li>v\u00e1no\u010dn\u00ed bes\u00eddka Z\u0160 Ran\u00e1 ve \u010dtvrtek 21.12.<\/li>\n<\/ul>\n<\/li>\n<\/ul>\n<\/li>\n<li><strong>Jesli\u010dkov\u00e1 pobo\u017enost s\u00a0v\u00e1no\u010dn\u00edm divadlem<\/strong> d\u011bt\u00ed z\u00a0Hrochova T\u00fdnce 26.12. od 15 h.<\/li>\n<li><strong>Dnes TICH\u00c1 sb\u00edrka<\/strong> na opravy.<\/li>\n<li><strong>Sb\u00edrka na Domov pro matky<\/strong> v\u00a0Hamrech bude na \u201eP\u016flno\u010dn\u00ed\u201c.<\/li>\n<li><strong>Duchovn\u00ed obnovy: <\/strong>\n<ul>\n<li style=\"list-style-type: none;\">\n<ul>\n<li>pro mu\u017ee v\u00a0\u017delivi 16. \u2013 18.2.2024,<\/li>\n<li>pro \u017eeny v\u00a0Rokoli 1. \u2013 3.3.<\/li>\n<\/ul>\n<\/li>\n<\/ul>\n<\/li>\n<li><strong>Katolick\u00fd t\u00fdden\u00edk:<\/strong>Betl\u00e9msk\u00e9 sv\u011btlo u\u017e je v \u010cesku; T\u00e9ma: O v\u00ed\u0159e srozumiteln\u011b; Perspektivy: Od ucha k uchu; rozhovor s\u00a0psychologem Edwardem Groodym; Doma: Hovory u jesli\u010dek.<\/li>\n<\/ul>\n","protected":false},"excerpt":{"rendered":"<p>M\u0161e sv.: v\u00a0p\u00e1tek v\u00a018 h, v\u00a0ned\u011bli v 9:30 h adventn\u00ed, v ned\u011bli ve 22 h p\u016flno\u010dn\u00ed. Ostatn\u00ed v tabulce na \u00favodn\u00ed str\u00e1nce \u00daklid a zdoben\u00ed kostela na v\u00e1noce ve st\u0159edu 20.12. od 15:30 h. Vych\u00e1z\u00ed Zpravodaj farnost\u00ed, vezm\u011bte si na <a class=\"more-link\" href=\"https:\/\/www.farnostrana.cz\/?p=2018\">Cel\u00fd \u010dl\u00e1nek  <span class=\"screen-reader-text\">  Ohl\u00e1\u0161ky \u2013 3. ned\u011ble adventn\u00ed 17. 12. 2023<\/span><span class=\"meta-nav\">&rarr;<\/span><\/a><\/p>\n","protected":false},"author":1,"featured_media":0,"comment_status":"closed","ping_status":"open","sticky":false,"template":"","format":"standard","meta":{"_monsterinsights_skip_tracking":false,"_monsterinsights_sitenote_active":false,"_monsterinsights_sitenote_note":"","_monsterinsights_sitenote_category":0,"footnotes":""},"categories":[3],"tags":[],"class_list":["post-2018","post","type-post","status-publish","format-standard","hentry","category-ohlasky"],"_links":{"self":[{"href":"https:\/\/www.farnostrana.cz\/index.php?rest_route=\/wp\/v2\/posts\/2018","targetHints":{"allow":["GET"]}}],"collection":[{"href":"https:\/\/www.farnostrana.cz\/index.php?rest_route=\/wp\/v2\/posts"}],"about":[{"href":"https:\/\/www.farnostrana.cz\/index.php?rest_route=\/wp\/v2\/types\/post"}],"author":[{"embeddable":true,"href":"https:\/\/www.farnostrana.cz\/index.php?rest_route=\/wp\/v2\/users\/1"}],"replies":[{"embeddable":true,"href":"https:\/\/www.farnostrana.cz\/index.php?rest_route=%2Fwp%2Fv2%2Fcomments&post=2018"}],"version-history":[{"count":1,"href":"https:\/\/www.farnostrana.cz\/index.php?rest_route=\/wp\/v2\/posts\/2018\/revisions"}],"predecessor-version":[{"id":2019,"href":"https:\/\/www.farnostrana.cz\/index.php?rest_route=\/wp\/v2\/posts\/2018\/revisions\/2019"}],"wp:attachment":[{"href":"https:\/\/www.farnostrana.cz\/index.php?rest_route=%2Fwp%2Fv2%2Fmedia&parent=2018"}],"wp:term":[{"taxonomy":"category","embeddable":true,"href":"https:\/\/www.farnostrana.cz\/index.php?rest_route=%2Fwp%2Fv2%2Fcategories&post=2018"},{"taxonomy":"post_tag","embeddable":true,"href":"https:\/\/www.farnostrana.cz\/index.php?rest_route=%2Fwp%2Fv2%2Ftags&post=2018"}],"curies":[{"name":"wp","href":"https:\/\/api.w.org\/{rel}","templated":true}]}}