{"id":2013,"date":"2023-12-09T11:34:19","date_gmt":"2023-12-09T09:34:19","guid":{"rendered":"https:\/\/www.farnostrana.cz\/?p=2013"},"modified":"2023-12-09T11:34:34","modified_gmt":"2023-12-09T09:34:34","slug":"ohlasky-2-nedele-adventni-10-12-2023","status":"publish","type":"post","link":"https:\/\/www.farnostrana.cz\/?p=2013","title":{"rendered":"Ohl\u00e1\u0161ky \u2013 2. ned\u011ble adventn\u00ed 10. 12. 2023"},"content":{"rendered":"\n<p>\u2022 M\u0161e sv.: <\/p>\n\n\n\n<p>v p\u00e1tek v 18 h, <\/p>\n\n\n\n<p>v ned\u011bli v 9:30 h pro d\u011bti s loutkov\u00fdm k\u00e1z\u00e1n\u00edm.<\/p>\n\n\n\n<p><br>\u2022 Srd\u00ed\u010dka pro d\u011bti jsou op\u011bt na stole\u010dku v kostele. M\u016f\u017eete pos\u00edlat d\u011bti p\u0159i ka\u017ed\u00e9 m\u0161i se srd\u00ed\u010dkem do ob\u011btn\u00edho pr\u016fvodu.<\/p>\n\n\n\n<p><br>\u2022 P\u0159edv\u00e1no\u010dn\u00ed zpov\u00edd\u00e1n\u00ed bude v p\u00e1tek 15.12. od 15 do 18 h. <\/p>\n\n\n\n<p>Ve Skut\u010di v ned\u011bli od 15 do 18 h.<\/p>\n\n\n\n<p><br>\u2022 Adventn\u00ed duchovn\u00ed obnova ve Skut\u010di 16.12. \u2013 pi\u0161te se na pap\u00edr na stole\u010dku.<\/p>\n\n\n\n<p><br>\u2022 Komunitn\u00ed centrum P.F.X.Mimry: Adventn\u00ed d\u00edlni\u010dka \u2013 vyr\u00e1b\u011bn\u00ed v\u00e1no\u010dn\u00edch ozdob v pond\u011bl\u00ed 11.12. od 16 do 18 h. Materi\u00e1l zaplatilo MAS Hlinecko. Zveme p\u0159edev\u0161\u00edm rodiny s d\u011btmi.<\/p>\n\n\n\n<p><br>\u2022 P\u0159\u00ed\u0161t\u00ed ned\u011bli TICH\u00c1 sb\u00edrka na opravy.<\/p>\n\n\n\n<p><br>\u2022 Oprava posledn\u00ed \u010d\u00e1sti ohradn\u00ed zdi u kostela st\u00e1la 103 700 K\u010d je hotova. Obdr\u017eeli jsme dotaci na tuto akci od Pardubick\u00e9ho kraje 80 tis. K\u010d.<\/p>\n\n\n\n<p><br>\u2022 Duchovn\u00ed obnovy: <\/p>\n\n\n\n<p>pro mu\u017ee v \u017delivi 16. \u2013 18.2.2024, <\/p>\n\n\n\n<p>pro \u017eeny v Rokoli 1. \u2013 3.3.<\/p>\n\n\n\n<p><br>\u2022 Katolick\u00fd t\u00fdden\u00edk: Ochr\u00e1nit ty kdo mrznou; T\u00e9ma: Diec\u00e9zn\u00ed synoda; Perspektivy: Nad\u011bje i zklam\u00e1n\u00ed devades\u00e1tek; rozhovor s re\u017eis\u00e9rem Markem Pol\u00e1\u010dkem; Doma: Spravit, co je rozbit\u00e9.<\/p>\n","protected":false},"excerpt":{"rendered":"<p>\u2022 M\u0161e sv.: v p\u00e1tek v 18 h, v ned\u011bli v 9:30 h pro d\u011bti s loutkov\u00fdm k\u00e1z\u00e1n\u00edm. \u2022 Srd\u00ed\u010dka pro d\u011bti jsou op\u011bt na stole\u010dku v kostele. M\u016f\u017eete pos\u00edlat d\u011bti p\u0159i ka\u017ed\u00e9 m\u0161i se srd\u00ed\u010dkem do ob\u011btn\u00edho pr\u016fvodu. \u2022 <a class=\"more-link\" href=\"https:\/\/www.farnostrana.cz\/?p=2013\">Cel\u00fd \u010dl\u00e1nek  <span class=\"screen-reader-text\">  Ohl\u00e1\u0161ky \u2013 2. ned\u011ble adventn\u00ed 10. 12. 2023<\/span><span class=\"meta-nav\">&rarr;<\/span><\/a><\/p>\n","protected":false},"author":1,"featured_media":0,"comment_status":"closed","ping_status":"open","sticky":false,"template":"","format":"standard","meta":{"_monsterinsights_skip_tracking":false,"_monsterinsights_sitenote_active":false,"_monsterinsights_sitenote_note":"","_monsterinsights_sitenote_category":0,"footnotes":""},"categories":[3],"tags":[],"class_list":["post-2013","post","type-post","status-publish","format-standard","hentry","category-ohlasky"],"_links":{"self":[{"href":"https:\/\/www.farnostrana.cz\/index.php?rest_route=\/wp\/v2\/posts\/2013","targetHints":{"allow":["GET"]}}],"collection":[{"href":"https:\/\/www.farnostrana.cz\/index.php?rest_route=\/wp\/v2\/posts"}],"about":[{"href":"https:\/\/www.farnostrana.cz\/index.php?rest_route=\/wp\/v2\/types\/post"}],"author":[{"embeddable":true,"href":"https:\/\/www.farnostrana.cz\/index.php?rest_route=\/wp\/v2\/users\/1"}],"replies":[{"embeddable":true,"href":"https:\/\/www.farnostrana.cz\/index.php?rest_route=%2Fwp%2Fv2%2Fcomments&post=2013"}],"version-history":[{"count":1,"href":"https:\/\/www.farnostrana.cz\/index.php?rest_route=\/wp\/v2\/posts\/2013\/revisions"}],"predecessor-version":[{"id":2014,"href":"https:\/\/www.farnostrana.cz\/index.php?rest_route=\/wp\/v2\/posts\/2013\/revisions\/2014"}],"wp:attachment":[{"href":"https:\/\/www.farnostrana.cz\/index.php?rest_route=%2Fwp%2Fv2%2Fmedia&parent=2013"}],"wp:term":[{"taxonomy":"category","embeddable":true,"href":"https:\/\/www.farnostrana.cz\/index.php?rest_route=%2Fwp%2Fv2%2Fcategories&post=2013"},{"taxonomy":"post_tag","embeddable":true,"href":"https:\/\/www.farnostrana.cz\/index.php?rest_route=%2Fwp%2Fv2%2Ftags&post=2013"}],"curies":[{"name":"wp","href":"https:\/\/api.w.org\/{rel}","templated":true}]}}