{"id":2007,"date":"2023-12-02T21:42:09","date_gmt":"2023-12-02T19:42:09","guid":{"rendered":"https:\/\/www.farnostrana.cz\/?p=2007"},"modified":"2023-12-02T21:42:24","modified_gmt":"2023-12-02T19:42:24","slug":"ohlasky-1-nedele-adventni-3-12-2023","status":"publish","type":"post","link":"https:\/\/www.farnostrana.cz\/?p=2007","title":{"rendered":"Ohl\u00e1\u0161ky &#8211; 1. ned\u011ble adventn\u00ed 3. 12. 2023"},"content":{"rendered":"\n<p>\u2022 M\u0161e sv.: <\/p>\n\n\n\n<p>v p\u00e1tek v 18 h, <\/p>\n\n\n\n<p>v sobotu v 7 h ror\u00e1tn\u00ed, <\/p>\n\n\n\n<p>v ned\u011bli v 9:30 h Ran\u00e1.<\/p>\n\n\n\n<p><br>\u2022 P\u0159edv\u00e1no\u010dn\u00ed zpov\u00edd\u00e1n\u00ed bude v p\u00e1tek 15.12. od 15 do 18 h.<\/p>\n\n\n\n<p><br>\u2022 Pastora\u010dn\u00ed rada farnosti se se\u0161la minulou ned\u011bli. Diskuse o po\u0159\u00e1d\u00e1n\u00ed plesu \u2013 je\u0161t\u011b to zkus\u00edme. Rada se v\u011bnovala p\u0159edev\u0161\u00edm pl\u00e1nov\u00e1n\u00ed akc\u00ed na p\u0159\u00ed\u0161t\u00ed obdob\u00ed. Z\u00e1pis je na v\u00fdv\u011bsce a na webu.<\/p>\n\n\n\n<p><br>\u2022 Adventn\u00ed \u010dten\u00ed si m\u016f\u017eete vz\u00edt na stole\u010dku za p\u0159\u00edsp\u011bvek na tisk.<\/p>\n\n\n\n<p><br>\u2022 Adventn\u00ed koncert v kostele bude 9.12. od 15 h. Vystoup\u00ed d\u011bti ze Z\u0160 Ran\u00e1 a Sbor z B\u00edtovan.<\/p>\n\n\n\n<p><br>\u2022 Adventn\u00ed duchovn\u00ed obnova ve Skut\u010di 16.12. \u2013 pi\u0161te se na pap\u00edr na stole\u010dku.<\/p>\n\n\n\n<p><br>\u2022 Komunitn\u00ed centrum P.F.X.Mimry: Adventn\u00ed d\u00edlni\u010dka \u2013 vyr\u00e1b\u011bn\u00ed v\u00e1no\u010dn\u00edch ozdob v pond\u011bl\u00ed 11.12. od 16 do 18 h. Materi\u00e1l zaplatilo MAS Hlinecko. Zveme p\u0159edev\u0161\u00edm rodiny s d\u011btmi.<\/p>\n\n\n\n<p><br>\u2022 P\u0159\u00ed\u0161t\u00ed ned\u011bli sb\u00edrka na kn\u011b\u017esk\u00fd semin\u00e1\u0159. Na poji\u0161t\u011bn\u00ed jsme vybrali 3 976 K\u010d, na katolick\u00e1 m\u00e9dia 5 638 K\u010d a na Tichou sb\u00edrku 7 520 K\u010d. P\u00e1n B\u016fh zapla\u0165!<\/p>\n\n\n\n<p><br>\u2022 Oprava posledn\u00ed \u010d\u00e1sti ohradn\u00ed zdi u kostela st\u00e1la 103 700 K\u010d je hotova. Obdr\u017eeli jsme dotaci na tuto akci od Pardubick\u00e9ho kraje 80 tis. K\u010d.<\/p>\n\n\n\n<p><br>\u2022 Duchovn\u00ed obnovy: <\/p>\n\n\n\n<p>pro mu\u017ee v \u017delivi 16. \u2013 18.2.2024,<\/p>\n\n\n\n<p>pro \u017eeny v Rokoli 1. \u2013 3.3.<\/p>\n\n\n\n<p><br>\u2022 Katolick\u00fd t\u00fdden\u00edk: Advent letos jen 22 dn\u016f; T\u00e9ma: Adventn\u00ed netrp\u011blivost; Perspektivy: Tou\u017e\u00edme po Bo\u017e\u00edm p\u0159\u00edchodu; rozhovor s p\u0159edstaven\u00fdm jezuit\u016f P.Arturo Sosa; Doma: D\u011btsk\u00e9 ot\u00e1zky.<\/p>\n","protected":false},"excerpt":{"rendered":"<p>\u2022 M\u0161e sv.: v p\u00e1tek v 18 h, v sobotu v 7 h ror\u00e1tn\u00ed, v ned\u011bli v 9:30 h Ran\u00e1. \u2022 P\u0159edv\u00e1no\u010dn\u00ed zpov\u00edd\u00e1n\u00ed bude v p\u00e1tek 15.12. od 15 do 18 h. \u2022 Pastora\u010dn\u00ed rada farnosti se se\u0161la minulou ned\u011bli. <a class=\"more-link\" href=\"https:\/\/www.farnostrana.cz\/?p=2007\">Cel\u00fd \u010dl\u00e1nek  <span class=\"screen-reader-text\">  Ohl\u00e1\u0161ky &#8211; 1. ned\u011ble adventn\u00ed 3. 12. 2023<\/span><span class=\"meta-nav\">&rarr;<\/span><\/a><\/p>\n","protected":false},"author":1,"featured_media":0,"comment_status":"closed","ping_status":"open","sticky":false,"template":"","format":"standard","meta":{"_monsterinsights_skip_tracking":false,"_monsterinsights_sitenote_active":false,"_monsterinsights_sitenote_note":"","_monsterinsights_sitenote_category":0,"footnotes":""},"categories":[3],"tags":[],"class_list":["post-2007","post","type-post","status-publish","format-standard","hentry","category-ohlasky"],"_links":{"self":[{"href":"https:\/\/www.farnostrana.cz\/index.php?rest_route=\/wp\/v2\/posts\/2007","targetHints":{"allow":["GET"]}}],"collection":[{"href":"https:\/\/www.farnostrana.cz\/index.php?rest_route=\/wp\/v2\/posts"}],"about":[{"href":"https:\/\/www.farnostrana.cz\/index.php?rest_route=\/wp\/v2\/types\/post"}],"author":[{"embeddable":true,"href":"https:\/\/www.farnostrana.cz\/index.php?rest_route=\/wp\/v2\/users\/1"}],"replies":[{"embeddable":true,"href":"https:\/\/www.farnostrana.cz\/index.php?rest_route=%2Fwp%2Fv2%2Fcomments&post=2007"}],"version-history":[{"count":1,"href":"https:\/\/www.farnostrana.cz\/index.php?rest_route=\/wp\/v2\/posts\/2007\/revisions"}],"predecessor-version":[{"id":2008,"href":"https:\/\/www.farnostrana.cz\/index.php?rest_route=\/wp\/v2\/posts\/2007\/revisions\/2008"}],"wp:attachment":[{"href":"https:\/\/www.farnostrana.cz\/index.php?rest_route=%2Fwp%2Fv2%2Fmedia&parent=2007"}],"wp:term":[{"taxonomy":"category","embeddable":true,"href":"https:\/\/www.farnostrana.cz\/index.php?rest_route=%2Fwp%2Fv2%2Fcategories&post=2007"},{"taxonomy":"post_tag","embeddable":true,"href":"https:\/\/www.farnostrana.cz\/index.php?rest_route=%2Fwp%2Fv2%2Ftags&post=2007"}],"curies":[{"name":"wp","href":"https:\/\/api.w.org\/{rel}","templated":true}]}}