{"id":2002,"date":"2023-11-19T01:03:00","date_gmt":"2023-11-18T23:03:00","guid":{"rendered":"https:\/\/www.farnostrana.cz\/?p=2002"},"modified":"2023-11-19T01:03:09","modified_gmt":"2023-11-18T23:03:09","slug":"ohlasky-33-nedele-v-mezidobi-19-11-2023","status":"publish","type":"post","link":"https:\/\/www.farnostrana.cz\/?p=2002","title":{"rendered":"Ohl\u00e1\u0161ky \u2013 33. ned\u011ble v mezidob\u00ed 19. 11. 2023"},"content":{"rendered":"\n<p>\u2022 M\u0161e sv.: v p\u00e1tek v 18 h, v ned\u011bli v 9:30 h.<br>\u2022 T\u00fdden modliteb za ml\u00e1de\u017e \u2013 pomodl\u00edme se modlitbu, co m\u00e1te na lavic\u00edch.<br>\u2022 P\u0159\u00ed\u0161t\u00ed ned\u011bli se sejde Pastora\u010dn\u00ed rada farnosti v 19 h na fa\u0159e. Podn\u011bty k jedn\u00e1n\u00ed m\u016f\u017eete pos\u00edlat do \u010dtvrtka.<br>\u2022 Komunitn\u00ed centrum P.F.X.Mimry: P\u0159ipravuje se dal\u0161\u00ed program.<br>\u2022 Dnes Tich\u00e1 sb\u00edrka na opravy. P\u0159\u00ed\u0161t\u00ed ned\u011bli na katolick\u00e1 m\u00e9dia.<br>\u2022 Oprava posledn\u00ed \u010d\u00e1sti ohradn\u00ed zdi u kostela st\u00e1la 103 700 K\u010d je hotova. M\u00e1me schv\u00e1lenou dotaci Pardubick\u00e9ho kraje 80 tis. K\u010d.<br>\u2022 Diec\u00e9zn\u00ed setk\u00e1n\u00ed ml\u00e1de\u017ee v sobotu 25.11. v Hradci Kr\u00e1lov\u00e9, pojede autobus z Hlinska p\u0159es Ranou, odjezd v 7:30 h z k\u0159i\u017eovatky.<br>\u2022 Adventn\u00ed koncert v kostele bude 9.12. od 15 h. Vystoup\u00ed d\u011bti ze Z\u0160 Ran\u00e1 a Sbor z B\u00edtovan.<br>\u2022 Duchovn\u00ed obnovy: pro mu\u017ee v \u017delivi 16. \u2013 18.2.2024, pro \u017eeny v Rokoli 1. \u2013 3.3.<br>\u2022 Katolick\u00fd t\u00fdden\u00edk: K\u0159i\u0161\u0165\u00e1lov\u00e1 noc st\u00e1le varuje; T\u00e9ma: Varhann\u00ed velmoc; Perspektivy: V\u00fdchova k v\u016fdcovstv\u00ed; rozhovor s matematikem Johnem Lennoxem; Doma: Intimita.<\/p>\n","protected":false},"excerpt":{"rendered":"<p>\u2022 M\u0161e sv.: v p\u00e1tek v 18 h, v ned\u011bli v 9:30 h.\u2022 T\u00fdden modliteb za ml\u00e1de\u017e \u2013 pomodl\u00edme se modlitbu, co m\u00e1te na lavic\u00edch.\u2022 P\u0159\u00ed\u0161t\u00ed ned\u011bli se sejde Pastora\u010dn\u00ed rada farnosti v 19 h na fa\u0159e. Podn\u011bty k jedn\u00e1n\u00ed <a class=\"more-link\" href=\"https:\/\/www.farnostrana.cz\/?p=2002\">Cel\u00fd \u010dl\u00e1nek  <span class=\"screen-reader-text\">  Ohl\u00e1\u0161ky \u2013 33. ned\u011ble v mezidob\u00ed 19. 11. 2023<\/span><span class=\"meta-nav\">&rarr;<\/span><\/a><\/p>\n","protected":false},"author":1,"featured_media":0,"comment_status":"closed","ping_status":"open","sticky":false,"template":"","format":"standard","meta":{"_monsterinsights_skip_tracking":false,"_monsterinsights_sitenote_active":false,"_monsterinsights_sitenote_note":"","_monsterinsights_sitenote_category":0,"footnotes":""},"categories":[3],"tags":[],"class_list":["post-2002","post","type-post","status-publish","format-standard","hentry","category-ohlasky"],"_links":{"self":[{"href":"https:\/\/www.farnostrana.cz\/index.php?rest_route=\/wp\/v2\/posts\/2002","targetHints":{"allow":["GET"]}}],"collection":[{"href":"https:\/\/www.farnostrana.cz\/index.php?rest_route=\/wp\/v2\/posts"}],"about":[{"href":"https:\/\/www.farnostrana.cz\/index.php?rest_route=\/wp\/v2\/types\/post"}],"author":[{"embeddable":true,"href":"https:\/\/www.farnostrana.cz\/index.php?rest_route=\/wp\/v2\/users\/1"}],"replies":[{"embeddable":true,"href":"https:\/\/www.farnostrana.cz\/index.php?rest_route=%2Fwp%2Fv2%2Fcomments&post=2002"}],"version-history":[{"count":1,"href":"https:\/\/www.farnostrana.cz\/index.php?rest_route=\/wp\/v2\/posts\/2002\/revisions"}],"predecessor-version":[{"id":2003,"href":"https:\/\/www.farnostrana.cz\/index.php?rest_route=\/wp\/v2\/posts\/2002\/revisions\/2003"}],"wp:attachment":[{"href":"https:\/\/www.farnostrana.cz\/index.php?rest_route=%2Fwp%2Fv2%2Fmedia&parent=2002"}],"wp:term":[{"taxonomy":"category","embeddable":true,"href":"https:\/\/www.farnostrana.cz\/index.php?rest_route=%2Fwp%2Fv2%2Fcategories&post=2002"},{"taxonomy":"post_tag","embeddable":true,"href":"https:\/\/www.farnostrana.cz\/index.php?rest_route=%2Fwp%2Fv2%2Ftags&post=2002"}],"curies":[{"name":"wp","href":"https:\/\/api.w.org\/{rel}","templated":true}]}}