{"id":1968,"date":"2023-09-10T15:28:17","date_gmt":"2023-09-10T13:28:17","guid":{"rendered":"https:\/\/www.farnostrana.cz\/?p=1968"},"modified":"2023-09-10T15:28:18","modified_gmt":"2023-09-10T13:28:18","slug":"rozpis-lektoru-na-zari-rijen-2023","status":"publish","type":"post","link":"https:\/\/www.farnostrana.cz\/?p=1968","title":{"rendered":"Rozpis lektor\u016f na z\u00e1\u0159\u00ed &#8211; \u0159\u00edjen 2023"},"content":{"rendered":"\n<figure class=\"wp-block-table\"><table><tbody><tr><td>&nbsp;<\/td><td><strong>1. \u010dten\u00ed<\/strong><strong><\/strong><\/td><td><strong>2. \u010dten\u00ed<\/strong><strong><\/strong><\/td><\/tr><tr><td><strong>17. 9.<\/strong> <br>24. ned\u011ble v mezidob\u00ed<\/td><td>L. Va\u0148\u00e1\u010d<\/td><td>M. Bro\u017eek<\/td><\/tr><tr><td><strong>24. 9.<\/strong> <br>25. ned\u011ble v\u00a0mezidob\u00ed<\/td><td>H. Pavli\u0161ov\u00e1<\/td><td>J. Duche\u010dkov\u00e1<\/td><\/tr><tr><td><strong>1. 10.<\/strong> <br>26. ned\u011ble v\u00a0mezidob\u00ed<\/td><td>L. Ad\u00e1mkov\u00e1<\/td><td>M. Jehli\u010dkov\u00e1<\/td><\/tr><tr><td><strong>8. 10.<\/strong> <br>27. ned\u011ble v mezidob\u00ed<\/td><td>V. Pavli\u0161 ml.<\/td><td>P. Sodomkov\u00e1<\/td><\/tr><tr><td><strong>15. 10.<\/strong> <br>28. ned\u011ble v mezidob\u00ed<\/td><td>E. Bro\u017ekov\u00e1<\/td><td>M. Ad\u00e1mkov\u00e1<\/td><\/tr><tr><td><strong>22. 10.<\/strong> <br>29. ned\u011ble v mezidob\u00ed<\/td><td>P. Balek<\/td><td>J. Hladk\u00e1<\/td><\/tr><tr><td><strong>29. 10.<\/strong> <br>30. ned\u011ble v mezidob\u00ed<\/td><td>M. Jehli\u010dkov\u00e1<\/td><td>L. Va\u0148\u00e1\u010d<\/td><\/tr><\/tbody><\/table><\/figure>\n\n\n\n<p>Dejte pros\u00edm min. 10 minut p\u0159ed za\u010d\u00e1tkem m\u0161e sv. v\u011bd\u011bt, \u017ee budete \u010d\u00edst!<\/p>\n\n\n\n<p>Nebudete-li moci \u010d\u00edst, domluvte si pros\u00edm za sebe n\u00e1hradu!<\/p>\n","protected":false},"excerpt":{"rendered":"<p>&nbsp; 1. \u010dten\u00ed 2. \u010dten\u00ed 17. 9. 24. ned\u011ble v mezidob\u00ed L. Va\u0148\u00e1\u010d M. Bro\u017eek 24. 9. 25. ned\u011ble v\u00a0mezidob\u00ed H. Pavli\u0161ov\u00e1 J. Duche\u010dkov\u00e1 1. 10. 26. ned\u011ble v\u00a0mezidob\u00ed L. Ad\u00e1mkov\u00e1 M. Jehli\u010dkov\u00e1 8. 10. 27. ned\u011ble v mezidob\u00ed V. <a class=\"more-link\" href=\"https:\/\/www.farnostrana.cz\/?p=1968\">Cel\u00fd \u010dl\u00e1nek  <span class=\"screen-reader-text\">  Rozpis lektor\u016f na z\u00e1\u0159\u00ed &#8211; \u0159\u00edjen 2023<\/span><span class=\"meta-nav\">&rarr;<\/span><\/a><\/p>\n","protected":false},"author":1,"featured_media":0,"comment_status":"closed","ping_status":"open","sticky":false,"template":"","format":"standard","meta":{"_monsterinsights_skip_tracking":false,"_monsterinsights_sitenote_active":false,"_monsterinsights_sitenote_note":"","_monsterinsights_sitenote_category":0,"footnotes":""},"categories":[3],"tags":[],"class_list":["post-1968","post","type-post","status-publish","format-standard","hentry","category-ohlasky"],"_links":{"self":[{"href":"https:\/\/www.farnostrana.cz\/index.php?rest_route=\/wp\/v2\/posts\/1968","targetHints":{"allow":["GET"]}}],"collection":[{"href":"https:\/\/www.farnostrana.cz\/index.php?rest_route=\/wp\/v2\/posts"}],"about":[{"href":"https:\/\/www.farnostrana.cz\/index.php?rest_route=\/wp\/v2\/types\/post"}],"author":[{"embeddable":true,"href":"https:\/\/www.farnostrana.cz\/index.php?rest_route=\/wp\/v2\/users\/1"}],"replies":[{"embeddable":true,"href":"https:\/\/www.farnostrana.cz\/index.php?rest_route=%2Fwp%2Fv2%2Fcomments&post=1968"}],"version-history":[{"count":1,"href":"https:\/\/www.farnostrana.cz\/index.php?rest_route=\/wp\/v2\/posts\/1968\/revisions"}],"predecessor-version":[{"id":1969,"href":"https:\/\/www.farnostrana.cz\/index.php?rest_route=\/wp\/v2\/posts\/1968\/revisions\/1969"}],"wp:attachment":[{"href":"https:\/\/www.farnostrana.cz\/index.php?rest_route=%2Fwp%2Fv2%2Fmedia&parent=1968"}],"wp:term":[{"taxonomy":"category","embeddable":true,"href":"https:\/\/www.farnostrana.cz\/index.php?rest_route=%2Fwp%2Fv2%2Fcategories&post=1968"},{"taxonomy":"post_tag","embeddable":true,"href":"https:\/\/www.farnostrana.cz\/index.php?rest_route=%2Fwp%2Fv2%2Ftags&post=1968"}],"curies":[{"name":"wp","href":"https:\/\/api.w.org\/{rel}","templated":true}]}}