{"id":1966,"date":"2023-09-09T21:34:55","date_gmt":"2023-09-09T19:34:55","guid":{"rendered":"https:\/\/www.farnostrana.cz\/?p=1966"},"modified":"2023-09-09T21:35:05","modified_gmt":"2023-09-09T19:35:05","slug":"ohlasky-nedele-v-mezidobi-10-9-2023","status":"publish","type":"post","link":"https:\/\/www.farnostrana.cz\/?p=1966","title":{"rendered":"Ohl\u00e1\u0161ky &#8211; ned\u011ble v mezidob\u00ed 10. 9. 2023"},"content":{"rendered":"\n<p>\u0158.k. farnost Ran\u00e1 \u2013 <br>\u2022 M\u0161e sv.: v p\u00e1tek 18 h, v ned\u011bli v 9:30 h pro d\u011bti s loutkov\u00fdm k\u00e1z\u00e1n\u00edm.<br>\u2022 Ministranti nebudou p\u0159\u00ed\u0161t\u00ed ned\u011bli, a\u017e v \u0159\u00edjnu.<br>\u2022 Kalend\u00e1\u0159e na p\u0159\u00ed\u0161t\u00ed rok si m\u016f\u017eete vz\u00edt na stole\u010dku v kostele.<br>\u2022 V\u00fduka n\u00e1bo\u017eenstv\u00ed za\u010dne od \u010dtvrtka 14.9. dle rozvrhu na v\u00fdv\u011bsce. P\u0159ihl\u00e1\u0161ky jsou k dispozici na webu a na stole\u010dku v kostele.<br>\u2022 Pastora\u010dn\u00ed rada farnosti se sejde v ned\u011bli 10.9. od 19 h v Komunitn\u00edm centru.<br>\u2022 Svatov\u00e1clavsk\u00fd ples bude 23.9. ve Vojt\u011bchov\u011b. Pros\u00edme o v\u011bcn\u00e9 dary na ples.<br>\u2022 P\u0159\u00ed\u0161t\u00ed ned\u011bli TICH\u00c1 sb\u00edrka na opravy.<br>\u2022 Komunitn\u00ed centrum P.F.X.Mimry: p\u0159ipravuje se dal\u0161\u00ed program.<br>\u2022 V Holet\u00edn\u011b prob\u00edh\u00e1 n\u00e1t\u011br st\u0159echy kaple firmou Ko\u010d\u00ed z Hlinska.<br>\u2022 Ve\u010der mlad\u00fdch v Kameni\u010dk\u00e1ch v p\u00e1tek 22.9. od 17 h.<br>\u2022 Katolick\u00fd t\u00fdden\u00edk: P\u0159itahujte kr\u00e1sou evanelia; T\u00e9ma: Stres; Perspektivy: V Bibli o stresu; rozhovor s Janou Vohral\u00edkovou; Doma: N\u00e1bo\u017eenstv\u00ed ve \u0161kole.<\/p>\n","protected":false},"excerpt":{"rendered":"<p>\u0158.k. farnost Ran\u00e1 \u2013 \u2022 M\u0161e sv.: v p\u00e1tek 18 h, v ned\u011bli v 9:30 h pro d\u011bti s loutkov\u00fdm k\u00e1z\u00e1n\u00edm.\u2022 Ministranti nebudou p\u0159\u00ed\u0161t\u00ed ned\u011bli, a\u017e v \u0159\u00edjnu.\u2022 Kalend\u00e1\u0159e na p\u0159\u00ed\u0161t\u00ed rok si m\u016f\u017eete vz\u00edt na stole\u010dku v kostele.\u2022 V\u00fduka <a class=\"more-link\" href=\"https:\/\/www.farnostrana.cz\/?p=1966\">Cel\u00fd \u010dl\u00e1nek  <span class=\"screen-reader-text\">  Ohl\u00e1\u0161ky &#8211; ned\u011ble v mezidob\u00ed 10. 9. 2023<\/span><span class=\"meta-nav\">&rarr;<\/span><\/a><\/p>\n","protected":false},"author":1,"featured_media":0,"comment_status":"closed","ping_status":"open","sticky":false,"template":"","format":"standard","meta":{"_monsterinsights_skip_tracking":false,"_monsterinsights_sitenote_active":false,"_monsterinsights_sitenote_note":"","_monsterinsights_sitenote_category":0,"footnotes":""},"categories":[3],"tags":[],"class_list":["post-1966","post","type-post","status-publish","format-standard","hentry","category-ohlasky"],"_links":{"self":[{"href":"https:\/\/www.farnostrana.cz\/index.php?rest_route=\/wp\/v2\/posts\/1966","targetHints":{"allow":["GET"]}}],"collection":[{"href":"https:\/\/www.farnostrana.cz\/index.php?rest_route=\/wp\/v2\/posts"}],"about":[{"href":"https:\/\/www.farnostrana.cz\/index.php?rest_route=\/wp\/v2\/types\/post"}],"author":[{"embeddable":true,"href":"https:\/\/www.farnostrana.cz\/index.php?rest_route=\/wp\/v2\/users\/1"}],"replies":[{"embeddable":true,"href":"https:\/\/www.farnostrana.cz\/index.php?rest_route=%2Fwp%2Fv2%2Fcomments&post=1966"}],"version-history":[{"count":1,"href":"https:\/\/www.farnostrana.cz\/index.php?rest_route=\/wp\/v2\/posts\/1966\/revisions"}],"predecessor-version":[{"id":1967,"href":"https:\/\/www.farnostrana.cz\/index.php?rest_route=\/wp\/v2\/posts\/1966\/revisions\/1967"}],"wp:attachment":[{"href":"https:\/\/www.farnostrana.cz\/index.php?rest_route=%2Fwp%2Fv2%2Fmedia&parent=1966"}],"wp:term":[{"taxonomy":"category","embeddable":true,"href":"https:\/\/www.farnostrana.cz\/index.php?rest_route=%2Fwp%2Fv2%2Fcategories&post=1966"},{"taxonomy":"post_tag","embeddable":true,"href":"https:\/\/www.farnostrana.cz\/index.php?rest_route=%2Fwp%2Fv2%2Ftags&post=1966"}],"curies":[{"name":"wp","href":"https:\/\/api.w.org\/{rel}","templated":true}]}}