{"id":1961,"date":"2023-09-02T22:21:50","date_gmt":"2023-09-02T20:21:50","guid":{"rendered":"https:\/\/www.farnostrana.cz\/?p=1961"},"modified":"2023-09-02T22:22:03","modified_gmt":"2023-09-02T20:22:03","slug":"ohlasky-nedele-slavnost-posveceni-kostela-3-9-2023","status":"publish","type":"post","link":"https:\/\/www.farnostrana.cz\/?p=1961","title":{"rendered":"Ohl\u00e1\u0161ky \u2013 ned\u011ble slavnost Posv\u011bcen\u00ed kostela 3. 9. 2023"},"content":{"rendered":"\n<p>\u2022 M\u0161e sv.: v p\u00e1tek 18 h, v ned\u011bli v 9:30 h.<br>\u2022 Vzniklo spole\u010denstv\u00ed ml\u00e1de\u017ee (16 mlad\u00fdch). Pros\u00edm o modlitbu za n\u011b.<br>\u2022 Kalend\u00e1\u0159e na p\u0159\u00ed\u0161t\u00ed rok si m\u016f\u017eete vz\u00edt na stole\u010dku v kostele.<br>\u2022 V\u00fduka n\u00e1bo\u017eenstv\u00ed za\u010dne od \u010dtvrtka 14.9. (v Proset\u00edn\u011b ji\u017e 8.9.) dle rozvrhu na v\u00fdv\u011bsce. P\u0159ihl\u00e1\u0161ky jsou k dispozici na webu a na stole\u010dku v kostele.<br>\u2022 Pastora\u010dn\u00ed rada farnosti se sejde p\u0159\u00ed\u0161t\u00ed ned\u011bli 9.9. od 19 h v Komunitn\u00edm centru. Budeme pl\u00e1novat ples, dal\u0161\u00ed n\u00e1m\u011bt mi pros\u00edm pos\u00edlejte do p\u00e1tku.<br>\u2022 Svatov\u00e1clavsk\u00fd ples bude 23.9. ve Vojt\u011bchov\u011b. Pros\u00edme o v\u011bcn\u00e9 dary na ples.<br>\u2022 Koncert dnes nebude, snad v adventu.<br>\u2022 Sb\u00edrky za srpen 17 500 K\u010d. P\u00e1n B\u016fh zapla\u0165!<br>\u2022 Komunitn\u00ed centrum P.F.X.Mimry: p\u0159ipravuje se dal\u0161\u00ed program.<br>\u2022 V Holet\u00edn\u011b prob\u00edh\u00e1 n\u00e1t\u011br st\u0159echy kaple firmou Ko\u010d\u00ed z Hlinska.<br>\u2022 Katolick\u00fd t\u00fdden\u00edk: Pape\u017e poprv\u00e9 v Mongolsku; T\u00e9ma: Kv\u011btiny v kostele; Perspektivy: Spravedliv\u00ed mezi sousedy; rozhovor s arcibiskupem Janem Graubnerem; Doma: Dluhy. A co d\u00e1l.<\/p>\n","protected":false},"excerpt":{"rendered":"<p>\u2022 M\u0161e sv.: v p\u00e1tek 18 h, v ned\u011bli v 9:30 h.\u2022 Vzniklo spole\u010denstv\u00ed ml\u00e1de\u017ee (16 mlad\u00fdch). Pros\u00edm o modlitbu za n\u011b.\u2022 Kalend\u00e1\u0159e na p\u0159\u00ed\u0161t\u00ed rok si m\u016f\u017eete vz\u00edt na stole\u010dku v kostele.\u2022 V\u00fduka n\u00e1bo\u017eenstv\u00ed za\u010dne od \u010dtvrtka 14.9. (v <a class=\"more-link\" href=\"https:\/\/www.farnostrana.cz\/?p=1961\">Cel\u00fd \u010dl\u00e1nek  <span class=\"screen-reader-text\">  Ohl\u00e1\u0161ky \u2013 ned\u011ble slavnost Posv\u011bcen\u00ed kostela 3. 9. 2023<\/span><span class=\"meta-nav\">&rarr;<\/span><\/a><\/p>\n","protected":false},"author":1,"featured_media":0,"comment_status":"closed","ping_status":"open","sticky":false,"template":"","format":"standard","meta":{"_monsterinsights_skip_tracking":false,"_monsterinsights_sitenote_active":false,"_monsterinsights_sitenote_note":"","_monsterinsights_sitenote_category":0,"footnotes":""},"categories":[3],"tags":[],"class_list":["post-1961","post","type-post","status-publish","format-standard","hentry","category-ohlasky"],"_links":{"self":[{"href":"https:\/\/www.farnostrana.cz\/index.php?rest_route=\/wp\/v2\/posts\/1961","targetHints":{"allow":["GET"]}}],"collection":[{"href":"https:\/\/www.farnostrana.cz\/index.php?rest_route=\/wp\/v2\/posts"}],"about":[{"href":"https:\/\/www.farnostrana.cz\/index.php?rest_route=\/wp\/v2\/types\/post"}],"author":[{"embeddable":true,"href":"https:\/\/www.farnostrana.cz\/index.php?rest_route=\/wp\/v2\/users\/1"}],"replies":[{"embeddable":true,"href":"https:\/\/www.farnostrana.cz\/index.php?rest_route=%2Fwp%2Fv2%2Fcomments&post=1961"}],"version-history":[{"count":1,"href":"https:\/\/www.farnostrana.cz\/index.php?rest_route=\/wp\/v2\/posts\/1961\/revisions"}],"predecessor-version":[{"id":1962,"href":"https:\/\/www.farnostrana.cz\/index.php?rest_route=\/wp\/v2\/posts\/1961\/revisions\/1962"}],"wp:attachment":[{"href":"https:\/\/www.farnostrana.cz\/index.php?rest_route=%2Fwp%2Fv2%2Fmedia&parent=1961"}],"wp:term":[{"taxonomy":"category","embeddable":true,"href":"https:\/\/www.farnostrana.cz\/index.php?rest_route=%2Fwp%2Fv2%2Fcategories&post=1961"},{"taxonomy":"post_tag","embeddable":true,"href":"https:\/\/www.farnostrana.cz\/index.php?rest_route=%2Fwp%2Fv2%2Ftags&post=1961"}],"curies":[{"name":"wp","href":"https:\/\/api.w.org\/{rel}","templated":true}]}}