{"id":196,"date":"2017-01-23T11:00:46","date_gmt":"2017-01-23T09:00:46","guid":{"rendered":"http:\/\/www.farnostrana.cz\/?p=196"},"modified":"2017-01-23T11:00:46","modified_gmt":"2017-01-23T09:00:46","slug":"ohlasky-na-3-nedeli-v-mezidobi-22-1-2017","status":"publish","type":"post","link":"https:\/\/www.farnostrana.cz\/?p=196","title":{"rendered":"Ohl\u00e1\u0161ky na 3. ned\u011bli v mezidob\u00ed 22. 1. 2017"},"content":{"rendered":"<ul>\n<li><strong>D\u011bkuji v\u0161em, kdo pomohli s\u00a0p\u0159\u00edpravou \u00a0p\u00e1te\u010dn\u00ed Ekumenick\u00e9 bohoslu\u017eby v\u00a0na\u0161em kostele. <\/strong><\/li>\n<li>V\u00a0pond\u011bl\u00ed 23. 1. ve 13:30 bude <strong>poh\u0159ebn\u00ed m\u0161e za pan\u00ed Marii \u010c\u00e1slavkovou<\/strong> z\u00a0Old\u0159etic.<\/li>\n<li>P\u0159\u00ed\u0161t\u00ed ned\u011bli zde bude slou\u017eit P. Jan Linhart a j\u00e1 m\u00edsto n\u011bj v\u00a0P\u0159edhrad\u00ed.<\/li>\n<li><strong>P\u0159\u00edprava rodi\u010d\u016f a d\u011bt\u00ed na 1. Svat\u00e9 p\u0159ij\u00edm\u00e1n\u00ed <\/strong>za\u010dne v\u00a0ned\u011bli 5.3. p\u0159ihl\u00e1\u0161ky si m\u016f\u017eete vyzvednout v\u00a0kostele nebo st\u00e1hnout z\u00a0webov\u00fdch str\u00e1nek. Vhodn\u00e9 pro d\u011bti, kter\u00e9 tou\u017e\u00ed p\u0159ij\u00edmat P\u00e1na Je\u017e\u00ed\u0161e a dok\u00e1\u017eou ji\u017e rozli\u0161ovat dobro a zlo.<\/li>\n<li><strong>Kr\u00e1lovsk\u00fd v\u00fdlet pro d\u011bti se uskute\u010dn\u00ed 10. \u2013 12.2. do Vrbatova Kostelce. <\/strong>P\u0159ihl\u00e1\u0161ku dostaly d\u011bti v\u00a0n\u00e1bo\u017eenstv\u00ed. O pomoc s\u00a0programem pros\u00edm mlad\u00e9.<\/li>\n<li><strong>Pastora\u010dn\u00ed rada farnosti \u2013 zm\u011bna term\u00ednu: sejdeme se v\u00a0ned\u011bli 29. 1. v\u00a018 h na fa\u0159e. Po<\/strong>dn\u011bty k\u00a0jedn\u00e1n\u00ed p\u0159ed\u00e1vejte panu far\u00e1\u0159i.<\/li>\n<li><strong>O \u010dem p\u00ed\u0161e Katolick\u00fd t\u00fdden\u00edk:<\/strong> Pochod pro Aleppo; T\u00e9ma: Mezi nev\u011b\u0159\u00edc\u00edmi; T\u00fdden modliteb a bolesti; D\u011bti a jin\u00e1 n\u00e1bo\u017eenstv\u00ed; rozhovor s\u00a0p\u00e1terem Soukalem.<\/li>\n<\/ul>\n","protected":false},"excerpt":{"rendered":"<p>D\u011bkuji v\u0161em, kdo pomohli s\u00a0p\u0159\u00edpravou \u00a0p\u00e1te\u010dn\u00ed Ekumenick\u00e9 bohoslu\u017eby v\u00a0na\u0161em kostele. V\u00a0pond\u011bl\u00ed 23. 1. ve 13:30 bude poh\u0159ebn\u00ed m\u0161e za pan\u00ed Marii \u010c\u00e1slavkovou z\u00a0Old\u0159etic. P\u0159\u00ed\u0161t\u00ed ned\u011bli zde bude slou\u017eit P. Jan Linhart a j\u00e1 m\u00edsto n\u011bj v\u00a0P\u0159edhrad\u00ed. P\u0159\u00edprava rodi\u010d\u016f a d\u011bt\u00ed <a class=\"more-link\" href=\"https:\/\/www.farnostrana.cz\/?p=196\">Cel\u00fd \u010dl\u00e1nek  <span class=\"screen-reader-text\">  Ohl\u00e1\u0161ky na 3. ned\u011bli v mezidob\u00ed 22. 1. 2017<\/span><span class=\"meta-nav\">&rarr;<\/span><\/a><\/p>\n","protected":false},"author":1,"featured_media":0,"comment_status":"closed","ping_status":"open","sticky":false,"template":"","format":"standard","meta":{"_monsterinsights_skip_tracking":false,"_monsterinsights_sitenote_active":false,"_monsterinsights_sitenote_note":"","_monsterinsights_sitenote_category":0,"footnotes":""},"categories":[3],"tags":[],"class_list":["post-196","post","type-post","status-publish","format-standard","hentry","category-ohlasky"],"_links":{"self":[{"href":"https:\/\/www.farnostrana.cz\/index.php?rest_route=\/wp\/v2\/posts\/196","targetHints":{"allow":["GET"]}}],"collection":[{"href":"https:\/\/www.farnostrana.cz\/index.php?rest_route=\/wp\/v2\/posts"}],"about":[{"href":"https:\/\/www.farnostrana.cz\/index.php?rest_route=\/wp\/v2\/types\/post"}],"author":[{"embeddable":true,"href":"https:\/\/www.farnostrana.cz\/index.php?rest_route=\/wp\/v2\/users\/1"}],"replies":[{"embeddable":true,"href":"https:\/\/www.farnostrana.cz\/index.php?rest_route=%2Fwp%2Fv2%2Fcomments&post=196"}],"version-history":[{"count":1,"href":"https:\/\/www.farnostrana.cz\/index.php?rest_route=\/wp\/v2\/posts\/196\/revisions"}],"predecessor-version":[{"id":197,"href":"https:\/\/www.farnostrana.cz\/index.php?rest_route=\/wp\/v2\/posts\/196\/revisions\/197"}],"wp:attachment":[{"href":"https:\/\/www.farnostrana.cz\/index.php?rest_route=%2Fwp%2Fv2%2Fmedia&parent=196"}],"wp:term":[{"taxonomy":"category","embeddable":true,"href":"https:\/\/www.farnostrana.cz\/index.php?rest_route=%2Fwp%2Fv2%2Fcategories&post=196"},{"taxonomy":"post_tag","embeddable":true,"href":"https:\/\/www.farnostrana.cz\/index.php?rest_route=%2Fwp%2Fv2%2Ftags&post=196"}],"curies":[{"name":"wp","href":"https:\/\/api.w.org\/{rel}","templated":true}]}}