{"id":1959,"date":"2023-08-26T20:52:21","date_gmt":"2023-08-26T18:52:21","guid":{"rendered":"https:\/\/www.farnostrana.cz\/?p=1959"},"modified":"2023-08-26T20:52:24","modified_gmt":"2023-08-26T18:52:24","slug":"ohlasky-21-nedele-v-mezidobi-27-8-2023","status":"publish","type":"post","link":"https:\/\/www.farnostrana.cz\/?p=1959","title":{"rendered":"Ohl\u00e1\u0161ky \u2013 21. ned\u011ble v mezidob\u00ed 27. 8. 2023"},"content":{"rendered":"\n<p>\u2022 M\u0161e sv.: v p\u00e1tek 18 h s adorac\u00ed, v ned\u011bli v 8 h Holet\u00edn a v 9:30 h posv\u00edcen\u00ed Ran\u00e1.<br>\u2022 Zvu v\u0161echny mlad\u00e9 lidi (14 \u2013 25) v p\u00e1tek 1.9. po m\u0161i v 19 h na faru. T\u00e9ma: Jak funguje spol\u010do a jestli to zkus\u00edme. Bude i ob\u010derstven\u00ed. Po skon\u010den\u00ed mo\u017enost odvozu.<br>\u2022 Kalend\u00e1\u0159e na p\u0159\u00ed\u0161t\u00ed rok si m\u016f\u017eete vz\u00edt na stole\u010dku v kostele.<br>\u2022 P\u0159ihl\u00e1\u0161ky na n\u00e1bo\u017eenstv\u00ed jsou k dispozici na webu a na stole\u010dku v kostele.<br>\u2022 D\u011bkuji za brig\u00e1du \u010di\u0161t\u011bn\u00ed lesa v\u0161em 11 \u00fa\u010dastn\u00edk\u016fm!<br>\u2022 Koncert na posv\u00edcen\u00ed v ned\u011bli 3.9.<br>\u2022 Komunitn\u00ed centrum P.F.X.Mimry: za uplynul\u00fd rok jsme po\u0159\u00e1dali 28 aktivit a akc\u00ed (p\u0159ede\u0161l\u00fd rok 23).<br>\u2022 V Holet\u00edn\u011b prob\u00edh\u00e1 n\u00e1t\u011br st\u0159echy kaple firmou Ko\u010d\u00ed z Hlinska.<br>\u2022 Svatov\u00e1clavsk\u00fd ples bude 23.9. ve Vojt\u011bchov\u011b.<br>\u2022 Katolick\u00fd t\u00fdden\u00edk: \u010ce\u0161i v Ban\u00e1tu 200 let; T\u00e9ma: Nebesk\u00e9 kr\u00e1lovstv\u00ed; Perspektivy: Z\u00e1pas, kter\u00fd nechcete hr\u00e1t; rozhovor s humanit\u00e1rn\u00ed pracovnic\u00ed Krist\u00fdnou Ambro\u017eovou; Doma: D\u011bti v\u011bz\u0148\u016f.<\/p>\n","protected":false},"excerpt":{"rendered":"<p>\u2022 M\u0161e sv.: v p\u00e1tek 18 h s adorac\u00ed, v ned\u011bli v 8 h Holet\u00edn a v 9:30 h posv\u00edcen\u00ed Ran\u00e1.\u2022 Zvu v\u0161echny mlad\u00e9 lidi (14 \u2013 25) v p\u00e1tek 1.9. po m\u0161i v 19 h na faru. T\u00e9ma: Jak <a class=\"more-link\" href=\"https:\/\/www.farnostrana.cz\/?p=1959\">Cel\u00fd \u010dl\u00e1nek  <span class=\"screen-reader-text\">  Ohl\u00e1\u0161ky \u2013 21. ned\u011ble v mezidob\u00ed 27. 8. 2023<\/span><span class=\"meta-nav\">&rarr;<\/span><\/a><\/p>\n","protected":false},"author":1,"featured_media":0,"comment_status":"closed","ping_status":"open","sticky":false,"template":"","format":"standard","meta":{"_monsterinsights_skip_tracking":false,"_monsterinsights_sitenote_active":false,"_monsterinsights_sitenote_note":"","_monsterinsights_sitenote_category":0,"footnotes":""},"categories":[3],"tags":[],"class_list":["post-1959","post","type-post","status-publish","format-standard","hentry","category-ohlasky"],"_links":{"self":[{"href":"https:\/\/www.farnostrana.cz\/index.php?rest_route=\/wp\/v2\/posts\/1959","targetHints":{"allow":["GET"]}}],"collection":[{"href":"https:\/\/www.farnostrana.cz\/index.php?rest_route=\/wp\/v2\/posts"}],"about":[{"href":"https:\/\/www.farnostrana.cz\/index.php?rest_route=\/wp\/v2\/types\/post"}],"author":[{"embeddable":true,"href":"https:\/\/www.farnostrana.cz\/index.php?rest_route=\/wp\/v2\/users\/1"}],"replies":[{"embeddable":true,"href":"https:\/\/www.farnostrana.cz\/index.php?rest_route=%2Fwp%2Fv2%2Fcomments&post=1959"}],"version-history":[{"count":1,"href":"https:\/\/www.farnostrana.cz\/index.php?rest_route=\/wp\/v2\/posts\/1959\/revisions"}],"predecessor-version":[{"id":1960,"href":"https:\/\/www.farnostrana.cz\/index.php?rest_route=\/wp\/v2\/posts\/1959\/revisions\/1960"}],"wp:attachment":[{"href":"https:\/\/www.farnostrana.cz\/index.php?rest_route=%2Fwp%2Fv2%2Fmedia&parent=1959"}],"wp:term":[{"taxonomy":"category","embeddable":true,"href":"https:\/\/www.farnostrana.cz\/index.php?rest_route=%2Fwp%2Fv2%2Fcategories&post=1959"},{"taxonomy":"post_tag","embeddable":true,"href":"https:\/\/www.farnostrana.cz\/index.php?rest_route=%2Fwp%2Fv2%2Ftags&post=1959"}],"curies":[{"name":"wp","href":"https:\/\/api.w.org\/{rel}","templated":true}]}}