{"id":190,"date":"2017-01-14T22:29:15","date_gmt":"2017-01-14T20:29:15","guid":{"rendered":"http:\/\/www.farnostrana.cz\/?p=190"},"modified":"2017-01-14T22:31:19","modified_gmt":"2017-01-14T20:31:19","slug":"ohlasky-na-2-nedeli-v-mezidobi-15-1-2017","status":"publish","type":"post","link":"https:\/\/www.farnostrana.cz\/?p=190","title":{"rendered":"Ohl\u00e1\u0161ky na 2. ned\u011bli v mezidob\u00ed 15. 1. 2017"},"content":{"rendered":"<ul>\n<li><strong>V\u00a0p\u00e1tek 20. 1. bude v\u00a018 h Ekumenick\u00e1 bohoslu\u017eba v\u00a0na\u0161em kostele. Zveme bratry evangel\u00edky v\u00a0\u010dele s\u00a0far\u00e1\u0159kou pan\u00ed \u010cejkovou, aby spolu s\u00a0n\u00e1mi se modlili za jednotu k\u0159es\u0165an\u016f. Po skon\u010den\u00ed bude ob\u010derstven\u00ed na fa\u0159e. <\/strong>K\u00a0pr\u016fb\u011bhu je t\u0159eba: 12 lid\u00ed, kte\u0159\u00ed p\u0159i bohoslu\u017eb\u011b budou zapalovat sv\u00edce; 12 krabic od bot, zabalen\u00fdch do balic\u00edho pap\u00edru; p\u0159ipravit p\u00edsn\u011b; uklidit faru a p\u0159ipravit ob\u010derstven\u00ed.<\/li>\n<li><strong>P\u0159\u00edprava rodi\u010d\u016f a d\u011bt\u00ed na 1. Svat\u00e9 p\u0159ij\u00edm\u00e1n\u00ed <\/strong>za\u010dne v\u00a0ned\u011bli 5. 3. p\u0159ihl\u00e1\u0161ky si m\u016f\u017eete vyzvednout v\u00a0kostele nebo st\u00e1hnout z\u00a0webov\u00fdch str\u00e1nek. Vhodn\u00e9 pro d\u011bti, kter\u00e9 tou\u017e\u00ed p\u0159ij\u00edmat P\u00e1na Je\u017e\u00ed\u0161e a dok\u00e1\u017eou ji\u017e rozli\u0161ovat dobro a zlo.<\/li>\n<li><strong>Pastora\u010dn\u00ed rada farnosti se sejde v\u00a0p\u00e1tek 27. 1. po ve\u010dern\u00ed m\u0161i svat\u00e9. <\/strong>Podn\u011bty k\u00a0jedn\u00e1n\u00ed p\u0159ed\u00e1vejte panu far\u00e1\u0159i.<\/li>\n<li><strong>O \u010dem p\u00ed\u0161e Katolick\u00fd t\u00fdden\u00edk:<\/strong> Koledn\u00edci rozd\u00e1vaj\u00ed radost; T\u00e9ma: C\u00edrkevn\u00ed turistika; zem\u0159ela Nezdoln\u00e1 karmelitka; Prom\u011bny k\u0159es\u0165anstv\u00ed v\u00a0Evrop\u011b; K\u0159es\u0165an\u00e9 v\u00a0Chart\u011b 77.<\/li>\n<\/ul>\n","protected":false},"excerpt":{"rendered":"<p>V\u00a0p\u00e1tek 20. 1. bude v\u00a018 h Ekumenick\u00e1 bohoslu\u017eba v\u00a0na\u0161em kostele. Zveme bratry evangel\u00edky v\u00a0\u010dele s\u00a0far\u00e1\u0159kou pan\u00ed \u010cejkovou, aby spolu s\u00a0n\u00e1mi se modlili za jednotu k\u0159es\u0165an\u016f. Po skon\u010den\u00ed bude ob\u010derstven\u00ed na fa\u0159e. K\u00a0pr\u016fb\u011bhu je t\u0159eba: 12 lid\u00ed, kte\u0159\u00ed p\u0159i bohoslu\u017eb\u011b budou <a class=\"more-link\" href=\"https:\/\/www.farnostrana.cz\/?p=190\">Cel\u00fd \u010dl\u00e1nek  <span class=\"screen-reader-text\">  Ohl\u00e1\u0161ky na 2. ned\u011bli v mezidob\u00ed 15. 1. 2017<\/span><span class=\"meta-nav\">&rarr;<\/span><\/a><\/p>\n","protected":false},"author":1,"featured_media":0,"comment_status":"closed","ping_status":"open","sticky":false,"template":"","format":"standard","meta":{"_monsterinsights_skip_tracking":false,"_monsterinsights_sitenote_active":false,"_monsterinsights_sitenote_note":"","_monsterinsights_sitenote_category":0,"footnotes":""},"categories":[3],"tags":[],"class_list":["post-190","post","type-post","status-publish","format-standard","hentry","category-ohlasky"],"_links":{"self":[{"href":"https:\/\/www.farnostrana.cz\/index.php?rest_route=\/wp\/v2\/posts\/190","targetHints":{"allow":["GET"]}}],"collection":[{"href":"https:\/\/www.farnostrana.cz\/index.php?rest_route=\/wp\/v2\/posts"}],"about":[{"href":"https:\/\/www.farnostrana.cz\/index.php?rest_route=\/wp\/v2\/types\/post"}],"author":[{"embeddable":true,"href":"https:\/\/www.farnostrana.cz\/index.php?rest_route=\/wp\/v2\/users\/1"}],"replies":[{"embeddable":true,"href":"https:\/\/www.farnostrana.cz\/index.php?rest_route=%2Fwp%2Fv2%2Fcomments&post=190"}],"version-history":[{"count":4,"href":"https:\/\/www.farnostrana.cz\/index.php?rest_route=\/wp\/v2\/posts\/190\/revisions"}],"predecessor-version":[{"id":194,"href":"https:\/\/www.farnostrana.cz\/index.php?rest_route=\/wp\/v2\/posts\/190\/revisions\/194"}],"wp:attachment":[{"href":"https:\/\/www.farnostrana.cz\/index.php?rest_route=%2Fwp%2Fv2%2Fmedia&parent=190"}],"wp:term":[{"taxonomy":"category","embeddable":true,"href":"https:\/\/www.farnostrana.cz\/index.php?rest_route=%2Fwp%2Fv2%2Fcategories&post=190"},{"taxonomy":"post_tag","embeddable":true,"href":"https:\/\/www.farnostrana.cz\/index.php?rest_route=%2Fwp%2Fv2%2Ftags&post=190"}],"curies":[{"name":"wp","href":"https:\/\/api.w.org\/{rel}","templated":true}]}}