{"id":187,"date":"2017-01-07T18:55:21","date_gmt":"2017-01-07T16:55:21","guid":{"rendered":"http:\/\/www.farnostrana.cz\/?p=187"},"modified":"2017-01-07T18:55:21","modified_gmt":"2017-01-07T16:55:21","slug":"ohlasky-na-nedeli-krtu-pane-8-1-2017","status":"publish","type":"post","link":"https:\/\/www.farnostrana.cz\/?p=187","title":{"rendered":"Ohl\u00e1\u0161ky na ned\u011bli K\u0159tu P\u00e1n\u011b 8. 1. 2017"},"content":{"rendered":"<h4><\/h4>\n<p>&nbsp;<\/p>\n<ul>\n<li><strong>\u017dehn\u00e1n\u00ed byt\u016f a dom\u016f<\/strong> &#8211; dal\u0161\u00ed z\u00e1jemci a\u0165 se obr\u00e1t\u00ed p\u0159\u00edmo na P. Ond\u0159eje.<\/li>\n<li><strong>T\u0159\u00edkr\u00e1lov\u00e1 sb\u00edrka<\/strong> \u2013 d\u011bkuji organiz\u00e1tor\u016fm i koledn\u00edk\u016fm, \u017ee se vydali i za mrazu pop\u0159\u00e1t Bo\u017e\u00ed po\u017eehn\u00e1n\u00ed a vykonali sb\u00edrku na chud\u00e9 a nemocn\u00e9.<\/li>\n<li><strong>D\u011bkuji panu Janu Ondrovi za opraven\u00ed akumula\u010dn\u00edch kamen v\u00a0kostele<\/strong>.<\/li>\n<li><strong>1. setk\u00e1n\u00ed bi\u0159movanc\u016f <\/strong>prob\u011bhne v\u00a0ned\u011bli 8.1. od 14 h na fa\u0159e ve Skut\u010di<strong>.<\/strong><\/li>\n<li><strong>Pou\u0165 ml\u00e1de\u017ee vikari\u00e1tu \u201ePutov\u00e1n\u00ed za Fatimsk\u00fdm tajemstv\u00edm\u201c <\/strong>28.1.2017, sraz v\u00a09 h v\u00a0Chrudimi na fa\u0159e.<\/li>\n<li><strong>O \u010dem p\u00ed\u0161e Katolick\u00fd t\u00fdden\u00edk:<\/strong> V\u00fdzva pape\u017ee Franti\u0161ka \u2013 Denn\u011b prokazujte dobro; T\u0159\u00edkr\u00e1lov\u00e1 sb\u00edrka; Biskup po\u017eehnal v\u011bz\u0148\u016fm novou kapli; Rozhovor s\u00a0Lenkou Brad\u00e1\u010dovou; Stav\u00edme rodinn\u00e9 hn\u00edzdo.<\/li>\n<\/ul>\n","protected":false},"excerpt":{"rendered":"<p>&nbsp; \u017dehn\u00e1n\u00ed byt\u016f a dom\u016f &#8211; dal\u0161\u00ed z\u00e1jemci a\u0165 se obr\u00e1t\u00ed p\u0159\u00edmo na P. Ond\u0159eje. T\u0159\u00edkr\u00e1lov\u00e1 sb\u00edrka \u2013 d\u011bkuji organiz\u00e1tor\u016fm i koledn\u00edk\u016fm, \u017ee se vydali i za mrazu pop\u0159\u00e1t Bo\u017e\u00ed po\u017eehn\u00e1n\u00ed a vykonali sb\u00edrku na chud\u00e9 a nemocn\u00e9. D\u011bkuji panu <a class=\"more-link\" href=\"https:\/\/www.farnostrana.cz\/?p=187\">Cel\u00fd \u010dl\u00e1nek  <span class=\"screen-reader-text\">  Ohl\u00e1\u0161ky na ned\u011bli K\u0159tu P\u00e1n\u011b 8. 1. 2017<\/span><span class=\"meta-nav\">&rarr;<\/span><\/a><\/p>\n","protected":false},"author":1,"featured_media":0,"comment_status":"closed","ping_status":"open","sticky":false,"template":"","format":"standard","meta":{"_monsterinsights_skip_tracking":false,"_monsterinsights_sitenote_active":false,"_monsterinsights_sitenote_note":"","_monsterinsights_sitenote_category":0,"footnotes":""},"categories":[3],"tags":[],"class_list":["post-187","post","type-post","status-publish","format-standard","hentry","category-ohlasky"],"_links":{"self":[{"href":"https:\/\/www.farnostrana.cz\/index.php?rest_route=\/wp\/v2\/posts\/187","targetHints":{"allow":["GET"]}}],"collection":[{"href":"https:\/\/www.farnostrana.cz\/index.php?rest_route=\/wp\/v2\/posts"}],"about":[{"href":"https:\/\/www.farnostrana.cz\/index.php?rest_route=\/wp\/v2\/types\/post"}],"author":[{"embeddable":true,"href":"https:\/\/www.farnostrana.cz\/index.php?rest_route=\/wp\/v2\/users\/1"}],"replies":[{"embeddable":true,"href":"https:\/\/www.farnostrana.cz\/index.php?rest_route=%2Fwp%2Fv2%2Fcomments&post=187"}],"version-history":[{"count":1,"href":"https:\/\/www.farnostrana.cz\/index.php?rest_route=\/wp\/v2\/posts\/187\/revisions"}],"predecessor-version":[{"id":188,"href":"https:\/\/www.farnostrana.cz\/index.php?rest_route=\/wp\/v2\/posts\/187\/revisions\/188"}],"wp:attachment":[{"href":"https:\/\/www.farnostrana.cz\/index.php?rest_route=%2Fwp%2Fv2%2Fmedia&parent=187"}],"wp:term":[{"taxonomy":"category","embeddable":true,"href":"https:\/\/www.farnostrana.cz\/index.php?rest_route=%2Fwp%2Fv2%2Fcategories&post=187"},{"taxonomy":"post_tag","embeddable":true,"href":"https:\/\/www.farnostrana.cz\/index.php?rest_route=%2Fwp%2Fv2%2Ftags&post=187"}],"curies":[{"name":"wp","href":"https:\/\/api.w.org\/{rel}","templated":true}]}}