{"id":183,"date":"2017-01-03T08:48:52","date_gmt":"2017-01-03T06:48:52","guid":{"rendered":"http:\/\/www.farnostrana.cz\/?p=183"},"modified":"2017-01-03T08:48:52","modified_gmt":"2017-01-03T06:48:52","slug":"umysly-modliteb-ve-farnosti-rana-2017","status":"publish","type":"post","link":"https:\/\/www.farnostrana.cz\/?p=183","title":{"rendered":"\u00damysly modliteb ve farnosti Ran\u00e1 2017"},"content":{"rendered":"<ol>\n<li>Za jednotu k\u0159es\u0165an\u016f: Aby postoupily ekumenick\u00e9 vztahy mezi k\u0159es\u0165ansk\u00fdmi c\u00edrkvemi bl\u00ed\u017e k\u00a0jednot\u011b v\u00a0Eucharistii; Aby dobr\u00fd B\u016fh osvobodil pravoslavn\u00e9 k\u0159es\u0165any od sebest\u0159ednosti a pov\u00fd\u0161enosti.<\/li>\n<li>Za na\u0161eho biskupa Jana: Dej Pane na\u0161emu biskupovi pastora\u010dn\u00ed moudrost p\u0159i rozhodov\u00e1n\u00ed, otcovskou l\u00e1sku ke kn\u011b\u017e\u00edm a dar duchovn\u00edho zraku; Dej milosrdn\u00fd Je\u017e\u00ed\u0161i, a\u0165 se n\u00e1\u0161 biskup Jan z\u0159ekne v\u0161eho okultismu a postav\u00ed se \u010delem do boje proti Zl\u00e9mu.<\/li>\n<li>Za na\u0161e d\u011bti: Po\u017eehnej Bo\u017ee na\u0161im d\u011btem, v\u0161em mal\u00fdm i dosp\u00edvaj\u00edc\u00edm v\u00a0na\u0161\u00ed farnosti, a\u0165 rostou v\u00a0rozumnosti i v\u00ed\u0159e, p\u0159\u00e1telstv\u00ed i ochot\u011b k\u00a0ob\u011bti.<\/li>\n<li>Za m\u00edr ve sv\u011bt\u011b: Pomoz Bo\u017ee ukon\u010dit v\u0161echny v\u00e1le\u010dn\u00e9 konflikty, zastavit v\u0161echny n\u00e1siln\u00edky a teroristy, a\u0165 v\u0161ichni lid\u00e9 mohou \u017e\u00edt v\u00a0bezpe\u010d\u00ed a m\u00edru.<\/li>\n<li>Za chud\u00e9 a migranty: Dej Bo\u017ee, a\u0165 se my bohat\u0161\u00ed dok\u00e1\u017eeme rozd\u011blit s\u00a0chud\u0161\u00edmi a nikdo na sv\u011bt\u011b netrp\u00ed hladem a nouz\u00ed; Po\u017eehnej t\u011bm, kte\u0159\u00ed museli ut\u00e9ci ze sv\u00fdch domov\u016f, a\u0165 najdou vhodn\u00e9 m\u00edsto pro sv\u016fj \u017eivot.<\/li>\n<li>Za kn\u011bze a duchovn\u00ed povol\u00e1n\u00ed: Posilni Pane v\u0161echny sv\u00e9 kn\u011bze a zasv\u011bcen\u00e9 osoby, aby vytrvali ve svat\u00e9m povol\u00e1n\u00ed a nov\u011b p\u0159in\u00e1\u0161eli Bo\u017e\u00ed sv\u011btlo pro tento sv\u011bt; Vzbu\u010f v\u00a0mlad\u00fdch lidech touhu Ti b\u00fdt bl\u00ed\u017e a n\u00e1sledovat T\u011b, kamkoliv jde\u0161.<\/li>\n<li>Za rodiny: Po\u017eehnej Bo\u017ee v\u0161em rodin\u00e1m v\u00a0na\u0161\u00ed farnosti, a\u0165 je spojuje l\u00e1ska a d\u016fv\u011bra, a\u0165 spolu p\u0159ekonaj\u00ed v\u0161echny t\u011b\u017ekosti a jsou zdrav\u00fdmi prost\u0159ed\u00edmi pro r\u016fst d\u011bt\u00ed a dozr\u00e1v\u00e1n\u00ed senior\u016f.<\/li>\n<li>Za evangelizaci: Po\u0161li Pane Ducha svat\u00e9ho v\u0161em k\u0159es\u0165an\u016fm, zvl\u00e1\u0161t\u011b v\u00a0\u010desk\u00e9 c\u00edrkvi a na\u0161\u00ed farnosti, abychom m\u011bli odvahu sv\u011bd\u010dit o v\u00ed\u0159e a p\u0159iv\u00e1d\u011bt k\u00a0Tob\u011b dal\u0161\u00ed bratry a sestry.<\/li>\n<li>Za nemocn\u00e9 a zran\u011bn\u00e9: Milosrdn\u00fd Pane, uzdrav na\u0161e nemocn\u00e9 a t\u011bm, kdo maj\u00ed n\u00e9st t\u00edhu sv\u00fdch k\u0159\u00ed\u017e\u016f, dej s\u00edlu T\u011b n\u00e1sledovat; Posiluj svou bl\u00edzkost\u00ed v\u0161echny du\u0161evn\u011b nemocn\u00e9; V\u0161em zran\u011bn\u00fdm a t\u00fdran\u00fdm pomoz zahojit r\u00e1ny a prom\u011bnit je v\u00a0po\u017eehn\u00e1n\u00ed.<\/li>\n<li>\u00a0Za politiky a st\u00e1tn\u00edky: Dej Bo\u017ee moudrost a rozvahu v\u0161em na\u0161im politik\u016fm, a\u0165 sv\u011bdomit\u011b vedou n\u00e1rody, staraj\u00ed se o v\u011bci ve\u0159ejn\u00e9, a odm\u00edtaj\u00ed poku\u0161en\u00ed obohatit se na \u00fakor spole\u010dnosti; Pomoz zm\u011bnit vl\u00e1du v\u00a0zem\u00edch, kde je pot\u00edr\u00e1na svoboda lid\u00ed a spravedlnost; Po\u0161li Ducha svat\u00e9ho pro kon\u00e1n\u00ed parlamentn\u00edch voleb, a\u0165 se formov\u00e1n\u00ed \u017eivota v\u00a0na\u0161\u00ed zemi ujmou moud\u0159\u00ed lid\u00e9 po vzoru sv. V\u00e1clava.<\/li>\n<li>\u00a0Za zem\u0159el\u00e9: Pro sv\u00e9 milosrdenstv\u00ed p\u0159ijmi k\u00a0sob\u011b Bo\u017ee v\u0161echny na\u0161e zem\u0159el\u00e9; Odpus\u0165 t\u011bm, kte\u0159\u00ed v\u00a0\u017eivot\u011b nedok\u00e1zali \u017e\u00edt zcela podle Tv\u00e9 v\u016fle; Smiluj se nad t\u011bmi, kdo zahynuli tragicky na silnic\u00edch i jinak a nad t\u011bmi, kdo padli ve v\u00e1lk\u00e1ch.<\/li>\n<li>Za pape\u017ee: Po\u017eehnej Pane na\u0161emu pape\u017ei Franti\u0161kovi, chra\u0148 ho na ka\u017ed\u00e9m kroku a jednej skrze n\u011bj pro dobro cel\u00e9 c\u00edrkve.<\/li>\n<\/ol>\n","protected":false},"excerpt":{"rendered":"<p>Za jednotu k\u0159es\u0165an\u016f: Aby postoupily ekumenick\u00e9 vztahy mezi k\u0159es\u0165ansk\u00fdmi c\u00edrkvemi bl\u00ed\u017e k\u00a0jednot\u011b v\u00a0Eucharistii; Aby dobr\u00fd B\u016fh osvobodil pravoslavn\u00e9 k\u0159es\u0165any od sebest\u0159ednosti a pov\u00fd\u0161enosti. Za na\u0161eho biskupa Jana: Dej Pane na\u0161emu biskupovi pastora\u010dn\u00ed moudrost p\u0159i rozhodov\u00e1n\u00ed, otcovskou l\u00e1sku ke kn\u011b\u017e\u00edm a <a class=\"more-link\" href=\"https:\/\/www.farnostrana.cz\/?p=183\">Cel\u00fd \u010dl\u00e1nek  <span class=\"screen-reader-text\">  \u00damysly modliteb ve farnosti Ran\u00e1 2017<\/span><span class=\"meta-nav\">&rarr;<\/span><\/a><\/p>\n","protected":false},"author":1,"featured_media":0,"comment_status":"closed","ping_status":"open","sticky":false,"template":"","format":"standard","meta":{"_monsterinsights_skip_tracking":false,"_monsterinsights_sitenote_active":false,"_monsterinsights_sitenote_note":"","_monsterinsights_sitenote_category":0,"footnotes":""},"categories":[7],"tags":[],"class_list":["post-183","post","type-post","status-publish","format-standard","hentry","category-ostatni"],"_links":{"self":[{"href":"https:\/\/www.farnostrana.cz\/index.php?rest_route=\/wp\/v2\/posts\/183","targetHints":{"allow":["GET"]}}],"collection":[{"href":"https:\/\/www.farnostrana.cz\/index.php?rest_route=\/wp\/v2\/posts"}],"about":[{"href":"https:\/\/www.farnostrana.cz\/index.php?rest_route=\/wp\/v2\/types\/post"}],"author":[{"embeddable":true,"href":"https:\/\/www.farnostrana.cz\/index.php?rest_route=\/wp\/v2\/users\/1"}],"replies":[{"embeddable":true,"href":"https:\/\/www.farnostrana.cz\/index.php?rest_route=%2Fwp%2Fv2%2Fcomments&post=183"}],"version-history":[{"count":1,"href":"https:\/\/www.farnostrana.cz\/index.php?rest_route=\/wp\/v2\/posts\/183\/revisions"}],"predecessor-version":[{"id":184,"href":"https:\/\/www.farnostrana.cz\/index.php?rest_route=\/wp\/v2\/posts\/183\/revisions\/184"}],"wp:attachment":[{"href":"https:\/\/www.farnostrana.cz\/index.php?rest_route=%2Fwp%2Fv2%2Fmedia&parent=183"}],"wp:term":[{"taxonomy":"category","embeddable":true,"href":"https:\/\/www.farnostrana.cz\/index.php?rest_route=%2Fwp%2Fv2%2Fcategories&post=183"},{"taxonomy":"post_tag","embeddable":true,"href":"https:\/\/www.farnostrana.cz\/index.php?rest_route=%2Fwp%2Fv2%2Ftags&post=183"}],"curies":[{"name":"wp","href":"https:\/\/api.w.org\/{rel}","templated":true}]}}