{"id":1796,"date":"2022-11-26T18:25:38","date_gmt":"2022-11-26T16:25:38","guid":{"rendered":"https:\/\/www.farnostrana.cz\/?p=1796"},"modified":"2022-11-26T18:26:05","modified_gmt":"2022-11-26T16:26:05","slug":"ohlasky-1-nedele-adventni-27-11-2022","status":"publish","type":"post","link":"https:\/\/www.farnostrana.cz\/?p=1796","title":{"rendered":"Ohl\u00e1\u0161ky \u2013 1. ned\u011ble adventn\u00ed 27. 11. 2022"},"content":{"rendered":"\n<ul class=\"wp-block-list\">\n<li><strong>M\u0161e sv.:<\/strong>. v p\u00e1tek v&nbsp;18 h s adorac\u00ed, v&nbsp;ned\u011bli v&nbsp;8 h Holet\u00edn, v 9:30 h. Ran\u00e1<\/li>\n\n\n\n<li><strong>V\u00fdstava Betl\u00e9m\u016f za\u010dne v&nbsp;sobotu 3.12.<\/strong> ve 13 h a kon\u010d\u00ed v&nbsp;ned\u011bli 11.12. v&nbsp;16 h. Bude k&nbsp;vid\u011bn\u00ed n\u00e1\u0161 kosteln\u00ed betl\u00e9m nov\u011b opraven\u00fd panem Pytl\u00edkem z&nbsp;Hlubok\u00e9. <strong>Besedu o betl\u00e9mech<\/strong> povede <strong>v&nbsp;\u00fater\u00fd 6.12. v&nbsp;17 h<\/strong> Kamila Skopov\u00e1.<\/li>\n\n\n\n<li><strong>Komunitn\u00ed centrum P.F.X.Mimry:<\/strong> p\u0159ipravujeme v\u00fdstavu betl\u00e9m\u016f.<\/li>\n\n\n\n<li><strong>Dnes sb\u00edrka na poji\u0161t\u011bn\u00ed majetku<\/strong><\/li>\n\n\n\n<li><strong>Pomoc uprchl\u00edk\u016fm z&nbsp;Ukrajiny:<\/strong> ubytov\u00e1n\u00ed pro uprchl\u00edci&nbsp;je voln\u00e9. V\u00fduka \u010de\u0161tiny v&nbsp;\u00fater\u00fd a \u010dtvrtek pokra\u010duje (jezd\u00ed sem i z&nbsp;Hlinska).<\/li>\n\n\n\n<li><strong>Duchovn\u00ed obnovy 2023:<\/strong> pro \u017eeny v&nbsp;Rokoli 17. \u2013 19.2.; pro mu\u017ee v&nbsp;jedn\u00e1n\u00ed.<\/li>\n\n\n\n<li><strong>Adventn\u00ed duchovn\u00ed obnova ve Skut\u010di v&nbsp;sobotu 10.12. od 9 h<\/strong> na gymn\u00e1ziu, p\u0159ijede P.Vladim\u00edr Z\u00e1lesk\u00fd ze \u017d\u010f\u00e1ru nad S\u00e1zavou. Pi\u0161te se na pap\u00edr na stole\u010dku kv\u016fli ob\u011bd\u016fm<\/li>\n\n\n\n<li><strong>Varhann\u00ed koncert v&nbsp;La\u017eanech v&nbsp;ned\u011bli 11.12. ve 14 h.<\/strong><\/li>\n\n\n\n<li><strong>Katolick\u00fd t\u00fdden\u00edk:<\/strong> Pod\u011bkov\u00e1n\u00ed za svobodu s c\u00edrkv\u00ed;T\u00e9ma: Farnosti a nov\u00e9 technologie; Perspektivy: Coje \u010dlov\u011bk \u2013 Kdo je \u010dlov\u011bk; rozhovor s&nbsp;proslul\u00fdm varhan\u00edkem a rod\u00e1kem ze Skut\u010de Karlem Paukertem; Doma: reklama.<\/li>\n<\/ul>\n","protected":false},"excerpt":{"rendered":"","protected":false},"author":1,"featured_media":0,"comment_status":"closed","ping_status":"open","sticky":false,"template":"","format":"standard","meta":{"_monsterinsights_skip_tracking":false,"_monsterinsights_sitenote_active":false,"_monsterinsights_sitenote_note":"","_monsterinsights_sitenote_category":0,"footnotes":""},"categories":[3],"tags":[],"class_list":["post-1796","post","type-post","status-publish","format-standard","hentry","category-ohlasky"],"_links":{"self":[{"href":"https:\/\/www.farnostrana.cz\/index.php?rest_route=\/wp\/v2\/posts\/1796","targetHints":{"allow":["GET"]}}],"collection":[{"href":"https:\/\/www.farnostrana.cz\/index.php?rest_route=\/wp\/v2\/posts"}],"about":[{"href":"https:\/\/www.farnostrana.cz\/index.php?rest_route=\/wp\/v2\/types\/post"}],"author":[{"embeddable":true,"href":"https:\/\/www.farnostrana.cz\/index.php?rest_route=\/wp\/v2\/users\/1"}],"replies":[{"embeddable":true,"href":"https:\/\/www.farnostrana.cz\/index.php?rest_route=%2Fwp%2Fv2%2Fcomments&post=1796"}],"version-history":[{"count":1,"href":"https:\/\/www.farnostrana.cz\/index.php?rest_route=\/wp\/v2\/posts\/1796\/revisions"}],"predecessor-version":[{"id":1797,"href":"https:\/\/www.farnostrana.cz\/index.php?rest_route=\/wp\/v2\/posts\/1796\/revisions\/1797"}],"wp:attachment":[{"href":"https:\/\/www.farnostrana.cz\/index.php?rest_route=%2Fwp%2Fv2%2Fmedia&parent=1796"}],"wp:term":[{"taxonomy":"category","embeddable":true,"href":"https:\/\/www.farnostrana.cz\/index.php?rest_route=%2Fwp%2Fv2%2Fcategories&post=1796"},{"taxonomy":"post_tag","embeddable":true,"href":"https:\/\/www.farnostrana.cz\/index.php?rest_route=%2Fwp%2Fv2%2Ftags&post=1796"}],"curies":[{"name":"wp","href":"https:\/\/api.w.org\/{rel}","templated":true}]}}