{"id":1791,"date":"2022-11-19T20:54:15","date_gmt":"2022-11-19T18:54:15","guid":{"rendered":"https:\/\/www.farnostrana.cz\/?p=1791"},"modified":"2022-11-19T20:54:22","modified_gmt":"2022-11-19T18:54:22","slug":"ohlasky-nedele-krista-krale-20-11-2022","status":"publish","type":"post","link":"https:\/\/www.farnostrana.cz\/?p=1791","title":{"rendered":"Ohl\u00e1\u0161ky \u2013 ned\u011ble Krista Kr\u00e1le 20. 11. 2022"},"content":{"rendered":"\n<ul class=\"wp-block-list\">\n<li><strong>M\u0161e sv.:<\/strong>. v p\u00e1tek v&nbsp;18 h, v&nbsp;ned\u011bli v 9:30 h.<\/li>\n\n\n\n<li><strong>Pastora\u010dn\u00ed rada farnosti <\/strong>se se\u0161la minulou ned\u011bli. Krom\u011b ohl\u00e9dnut\u00ed za akcemi \u0159e\u0161ila organizaci v\u00fdstavy betl\u00e9m\u016f a bohoslu\u017eby v\u010detn\u011b n\u00e1vratu k&nbsp;d\u0159\u00edv\u011bj\u0161\u00edmu pr\u016fb\u011bhu \u201eDu\u0161i\u010dek\u201c. Z\u00e1pis je na v\u00fdv\u011bsce.<\/li>\n\n\n\n<li><strong>V\u00fdstavu Betl\u00e9m\u016f: <\/strong>pros\u00edme p\u0159iv\u00e1\u017eejte sv\u00e9 betl\u00e9my na v\u00fdstavu zabalen\u00e9 a ozna\u010den\u00e9 jm\u00e9nem nejl\u00e9pe v&nbsp;p\u00e1tek 25.11. od 17 h na faru, p\u0159\u00edp. v&nbsp;ned\u011bli po m\u0161i. Jin\u00fd term\u00edn po domluv\u011b. <strong>V\u00fdstava za\u010dne v&nbsp;sobotu 3.12.<\/strong> ve 13 h a kon\u010d\u00ed v&nbsp;ned\u011bli 11.12. v&nbsp;16 h.<\/li>\n\n\n\n<li><strong>Komunitn\u00ed centrum P.F.X.Mimry:<\/strong> p\u0159ipravujeme v\u00fdstavu betl\u00e9m\u016f.<\/li>\n\n\n\n<li><strong>Dnes TICH\u00c1 sb\u00edrka <\/strong>na opravy.<strong> P\u0159\u00ed\u0161t\u00ed ned\u011bli sb\u00edrka na poji\u0161t\u011bn\u00ed majetku<\/strong><\/li>\n\n\n\n<li><strong>Pomoc uprchl\u00edk\u016fm z&nbsp;Ukrajiny:<\/strong> ubytov\u00e1n\u00ed pro uprchl\u00edci&nbsp;je voln\u00e9. V\u00fduka \u010de\u0161tiny v&nbsp;\u00fater\u00fd a \u010dtvrtek pokra\u010duje (jezd\u00ed sem i z&nbsp;Hlinska).<\/li>\n\n\n\n<li><strong>K\u0159es\u0165ansk\u00e1 kav\u00e1rna Skute\u010d.<\/strong> Zveme na 4 ve\u010dery na gymn\u00e1ziu ve Skut\u010di, s&nbsp;ob\u010derstven\u00edm, p\u0159edn\u00e1\u0161kou a diskus\u00ed nad t\u00e9maty B\u016fh, v\u00edra, c\u00edrkev atd. Pozv\u011bte sv\u00e9 zn\u00e1m\u00e9, kter\u00e9 by to mohlo zaj\u00edmat. <strong>P\u0159\u00ed\u0161t\u011b 20.11. v&nbsp;17 h<\/strong>.<\/li>\n\n\n\n<li><strong>Duchovn\u00ed obnovy 2023:<\/strong> pro \u017eeny v&nbsp;Rokoli 17. \u2013 19.2.; pro mu\u017ee v&nbsp;jedn\u00e1n\u00ed.<\/li>\n\n\n\n<li><strong>Katolick\u00fd t\u00fdden\u00edk:<\/strong> \u010cesk\u00e1 kolej u pape\u017ee;T\u00e9ma: P\u011bstounsk\u00e9 rodiny; Perspektivy: Osud Moravc\u016f za \u0159ekou Opavou; rozhovor s&nbsp;Peterem Podlesk\u00fdm; Doma: Kam pro pomoc?<\/li>\n<\/ul>\n\n\n\n<p>&nbsp;<\/p>\n\n\n\n<p>&nbsp;<\/p>\n","protected":false},"excerpt":{"rendered":"<p>&nbsp; &nbsp;<\/p>\n","protected":false},"author":1,"featured_media":0,"comment_status":"closed","ping_status":"open","sticky":false,"template":"","format":"standard","meta":{"_monsterinsights_skip_tracking":false,"_monsterinsights_sitenote_active":false,"_monsterinsights_sitenote_note":"","_monsterinsights_sitenote_category":0,"footnotes":""},"categories":[3],"tags":[],"class_list":["post-1791","post","type-post","status-publish","format-standard","hentry","category-ohlasky"],"_links":{"self":[{"href":"https:\/\/www.farnostrana.cz\/index.php?rest_route=\/wp\/v2\/posts\/1791","targetHints":{"allow":["GET"]}}],"collection":[{"href":"https:\/\/www.farnostrana.cz\/index.php?rest_route=\/wp\/v2\/posts"}],"about":[{"href":"https:\/\/www.farnostrana.cz\/index.php?rest_route=\/wp\/v2\/types\/post"}],"author":[{"embeddable":true,"href":"https:\/\/www.farnostrana.cz\/index.php?rest_route=\/wp\/v2\/users\/1"}],"replies":[{"embeddable":true,"href":"https:\/\/www.farnostrana.cz\/index.php?rest_route=%2Fwp%2Fv2%2Fcomments&post=1791"}],"version-history":[{"count":1,"href":"https:\/\/www.farnostrana.cz\/index.php?rest_route=\/wp\/v2\/posts\/1791\/revisions"}],"predecessor-version":[{"id":1792,"href":"https:\/\/www.farnostrana.cz\/index.php?rest_route=\/wp\/v2\/posts\/1791\/revisions\/1792"}],"wp:attachment":[{"href":"https:\/\/www.farnostrana.cz\/index.php?rest_route=%2Fwp%2Fv2%2Fmedia&parent=1791"}],"wp:term":[{"taxonomy":"category","embeddable":true,"href":"https:\/\/www.farnostrana.cz\/index.php?rest_route=%2Fwp%2Fv2%2Fcategories&post=1791"},{"taxonomy":"post_tag","embeddable":true,"href":"https:\/\/www.farnostrana.cz\/index.php?rest_route=%2Fwp%2Fv2%2Ftags&post=1791"}],"curies":[{"name":"wp","href":"https:\/\/api.w.org\/{rel}","templated":true}]}}